{"id":3391,"date":"2020-06-16T15:06:34","date_gmt":"2020-06-16T20:06:34","guid":{"rendered":"https:\/\/encuentroinformativo.com\/?p=3391"},"modified":"2020-06-16T15:06:36","modified_gmt":"2020-06-16T20:06:36","slug":"comerciantes-se-quejan-por-inseguridad-en-la-ebano","status":"publish","type":"post","link":"https:\/\/encuentroinformativo.com.mx\/?p=3391","title":{"rendered":"Comerciantes se quejan por inseguridad en la \u00c9bano"},"content":{"rendered":"\n<p><strong>Juan Arcos <\/strong><\/p>\n\n\n\n<p>Xalapa, Ver.- La inseguridad contin\u00faa afectando a los negocios de la calle \u00c9bano, ubicados a la altura de la colonia Framboyanes.<\/p>\n\n\n\n<p>Hace dos meses, delincuentes ingresaron a uno de los locales que estaba siendo rehabilitado para la apertura de un negocio de comida.<\/p>\n\n\n\n<p>De acuerdo con Jos\u00e9 Roberto Lira Mendoza, uno de los comerciantes, antes de la inauguraci\u00f3n de su negocio, los ladrones forzaron la chapa de una puerta y rompieron candados, para llevarse todo lo que all\u00ed se encontraba.<\/p>\n\n\n\n<p>Los hechos ocurrieron alrededor de las dos de la madrugada. Fue hurtada toda la herramienta del alba\u00f1il que trabajaba en el lugar.<\/p>\n\n\n\n<p>\u201cSe robaron su herramienta, una puerta y una ventana. El alba\u00f1il ten\u00eda sierra, esmeriles, taladros, bultos de cemento y sus escaleras\u201d.<\/p>\n\n\n\n<p>El entrevistado calcula una p\u00e9rdida econ\u00f3mica que asciende a los 25 mil pesos.<br>Por tal motivo, fue interpuesta una denuncia en la Fiscal\u00eda General del Estado (FGE), misma que, hasta el momento, no ha procedido.<\/p>\n\n\n\n<p>Lira Mendoza a\u00f1adi\u00f3 que para mejorar la situaci\u00f3n de seguridad en la zona es necesaria mayor presencia policiaca, sobre todo por las noches.<\/p>\n\n\n\n<p>El comerciante tambi\u00e9n pidi\u00f3 al ayuntamiento de Xalapa que coloque m\u00e1s luminarias sobre la calle \u00c9bano, toda vez que la falta de alumbrado p\u00fablico ha generado condiciones para que delincuentes contin\u00faen cometiendo atracos en la zona.<\/p>\n\n\n\n<p>Sobre dicha arteria vehicular, en la zona de m\u00e1s robos y asaltos, se observa una c\u00e1mara de videovigilancia que, a decir de los peque\u00f1os empresarios, est\u00e1 funcionando.<\/p>\n\n\n\n<p>Sin embargo, los hechos delictivos son constantes, pese a que las autoridades policiacas monitorean la zona.<\/p>\n","protected":false},"excerpt":{"rendered":"<p>Juan Arcos Xalapa, Ver.- La inseguridad contin\u00faa afectando a los negocios de la calle \u00c9bano, ubicados a la altura de la colonia Framboyanes. Hace dos meses, delincuentes ingresaron a uno de los locales que estaba siendo rehabilitado para la apertura de un negocio de comida. De acuerdo con Jos\u00e9 Roberto Lira Mendoza, uno de los [&hellip;]<\/p>\n","protected":false},"author":1,"featured_media":3392,"comment_status":"open","ping_status":"open","sticky":false,"template":"","format":"standard","meta":{"_jetpack_memberships_contains_paid_content":false,"footnotes":""},"categories":[3],"tags":[],"class_list":["post-3391","post","type-post","status-publish","format-standard","has-post-thumbnail","hentry","category-xalapa"],"jetpack_featured_media_url":"https:\/\/encuentroinformativo.com.mx\/wp-content\/uploads\/2020\/06\/3724C554-FECC-4C15-9122-B1DECA694602.jpeg","jetpack_sharing_enabled":true,"jetpack_likes_enabled":true,"amp_enabled":true,"_links":{"self":[{"href":"https:\/\/encuentroinformativo.com.mx\/index.php?rest_route=\/wp\/v2\/posts\/3391","targetHints":{"allow":["GET"]}}],"collection":[{"href":"https:\/\/encuentroinformativo.com.mx\/index.php?rest_route=\/wp\/v2\/posts"}],"about":[{"href":"https:\/\/encuentroinformativo.com.mx\/index.php?rest_route=\/wp\/v2\/types\/post"}],"author":[{"embeddable":true,"href":"https:\/\/encuentroinformativo.com.mx\/index.php?rest_route=\/wp\/v2\/users\/1"}],"replies":[{"embeddable":true,"href":"https:\/\/encuentroinformativo.com.mx\/index.php?rest_route=%2Fwp%2Fv2%2Fcomments&post=3391"}],"version-history":[{"count":1,"href":"https:\/\/encuentroinformativo.com.mx\/index.php?rest_route=\/wp\/v2\/posts\/3391\/revisions"}],"predecessor-version":[{"id":3393,"href":"https:\/\/encuentroinformativo.com.mx\/index.php?rest_route=\/wp\/v2\/posts\/3391\/revisions\/3393"}],"wp:featuredmedia":[{"embeddable":true,"href":"https:\/\/encuentroinformativo.com.mx\/index.php?rest_route=\/wp\/v2\/media\/3392"}],"wp:attachment":[{"href":"https:\/\/encuentroinformativo.com.mx\/index.php?rest_route=%2Fwp%2Fv2%2Fmedia&parent=3391"}],"wp:term":[{"taxonomy":"category","embeddable":true,"href":"https:\/\/encuentroinformativo.com.mx\/index.php?rest_route=%2Fwp%2Fv2%2Fcategories&post=3391"},{"taxonomy":"post_tag","embeddable":true,"href":"https:\/\/encuentroinformativo.com.mx\/index.php?rest_route=%2Fwp%2Fv2%2Ftags&post=3391"}],"curies":[{"name":"wp","href":"https:\/\/api.w.org\/{rel}","templated":true}]}}