{"id":33926,"date":"2022-11-28T11:51:33","date_gmt":"2022-11-28T17:51:33","guid":{"rendered":"https:\/\/encuentroinformativo.com.mx\/?p=33926"},"modified":"2022-11-28T11:51:37","modified_gmt":"2022-11-28T17:51:37","slug":"promueven-evento-deportivo-inclusivo-en-banderilla","status":"publish","type":"post","link":"https:\/\/encuentroinformativo.com.mx\/?p=33926","title":{"rendered":"Promueven evento deportivo inclusivo en Banderilla"},"content":{"rendered":"\n<p><strong>Dar\u00edo Pale <\/strong><\/p>\n\n\n\n<p>Xalapa, Ver.- Invitan a la ciudadan\u00eda para que asista al evento deportivo de inclusi\u00f3n en Banderilla, se trata de la Primera Liga Regional Permanente de Futbol-7 Unificado por medio del torneo Banderilla Juega Unificado, as\u00ed lo dio a conocer la S\u00edndica \u00danica de Banderilla Guadalupe Magali M\u00e1rquez Aguilar.<\/p>\n\n\n\n<p>En conferencia de prensa se\u00f1al\u00f3 que el proyecto es de inclusi\u00f3n y se promueve el conocimiento, el respeto a las condiciones de vida, sensibilizaci\u00f3n y h\u00e1bitos saludables, a trav\u00e9s del deporte a personas con discapacidad en todos los niveles.<\/p>\n\n\n\n<p>Inicia el pr\u00f3ximo 3 de diciembre del a\u00f1o en curso, en las canchas de futbol, bardas de la unidad deportiva El Gallito y Recinto Ferial del municipio.<\/p>\n\n\n\n<p>El evento se hace en coordinaci\u00f3n con el DIF municipal, DIF estatal, la Secretar\u00eda de Seguridad P\u00fablica, a trav\u00e9s del \u00e1rea de Inclusi\u00f3n Social de la Direcci\u00f3n General de Vinculaci\u00f3n Institucional y Special Olympics Veracruz.<\/p>\n\n\n\n<p>Finalmente dijo que el objetivo de Special Olympics, mediante el Deporte Unificado es entrenar juntos, jugar juntos en una v\u00eda r\u00e1pida hacia la amistad y el entendimiento entre ni\u00f1as, ni\u00f1os, adolescentes y adultos con y sin discapacidad.<\/p>\n","protected":false},"excerpt":{"rendered":"<p>Dar\u00edo Pale Xalapa, Ver.- Invitan a la ciudadan\u00eda para que asista al evento deportivo de inclusi\u00f3n en Banderilla, se trata de la Primera Liga Regional Permanente de Futbol-7 Unificado por medio del torneo Banderilla Juega Unificado, as\u00ed lo dio a conocer la S\u00edndica \u00danica de Banderilla Guadalupe Magali M\u00e1rquez Aguilar. En conferencia de prensa se\u00f1al\u00f3 [&hellip;]<\/p>\n","protected":false},"author":1,"featured_media":33927,"comment_status":"open","ping_status":"open","sticky":false,"template":"","format":"standard","meta":{"_jetpack_memberships_contains_paid_content":false,"footnotes":""},"categories":[8],"tags":[],"class_list":["post-33926","post","type-post","status-publish","format-standard","has-post-thumbnail","hentry","category-region"],"jetpack_featured_media_url":"https:\/\/encuentroinformativo.com.mx\/wp-content\/uploads\/2022\/11\/AF48ABB7-8200-4AF2-A334-8F1B23BE83E3.jpeg","jetpack_sharing_enabled":true,"jetpack_likes_enabled":true,"amp_enabled":true,"_links":{"self":[{"href":"https:\/\/encuentroinformativo.com.mx\/index.php?rest_route=\/wp\/v2\/posts\/33926","targetHints":{"allow":["GET"]}}],"collection":[{"href":"https:\/\/encuentroinformativo.com.mx\/index.php?rest_route=\/wp\/v2\/posts"}],"about":[{"href":"https:\/\/encuentroinformativo.com.mx\/index.php?rest_route=\/wp\/v2\/types\/post"}],"author":[{"embeddable":true,"href":"https:\/\/encuentroinformativo.com.mx\/index.php?rest_route=\/wp\/v2\/users\/1"}],"replies":[{"embeddable":true,"href":"https:\/\/encuentroinformativo.com.mx\/index.php?rest_route=%2Fwp%2Fv2%2Fcomments&post=33926"}],"version-history":[{"count":1,"href":"https:\/\/encuentroinformativo.com.mx\/index.php?rest_route=\/wp\/v2\/posts\/33926\/revisions"}],"predecessor-version":[{"id":33928,"href":"https:\/\/encuentroinformativo.com.mx\/index.php?rest_route=\/wp\/v2\/posts\/33926\/revisions\/33928"}],"wp:featuredmedia":[{"embeddable":true,"href":"https:\/\/encuentroinformativo.com.mx\/index.php?rest_route=\/wp\/v2\/media\/33927"}],"wp:attachment":[{"href":"https:\/\/encuentroinformativo.com.mx\/index.php?rest_route=%2Fwp%2Fv2%2Fmedia&parent=33926"}],"wp:term":[{"taxonomy":"category","embeddable":true,"href":"https:\/\/encuentroinformativo.com.mx\/index.php?rest_route=%2Fwp%2Fv2%2Fcategories&post=33926"},{"taxonomy":"post_tag","embeddable":true,"href":"https:\/\/encuentroinformativo.com.mx\/index.php?rest_route=%2Fwp%2Fv2%2Ftags&post=33926"}],"curies":[{"name":"wp","href":"https:\/\/api.w.org\/{rel}","templated":true}]}}