{"id":33932,"date":"2022-11-28T12:46:21","date_gmt":"2022-11-28T18:46:21","guid":{"rendered":"https:\/\/encuentroinformativo.com.mx\/?p=33932"},"modified":"2022-11-28T12:46:25","modified_gmt":"2022-11-28T18:46:25","slug":"invitan-emprendedores-a-expo-colmena","status":"publish","type":"post","link":"https:\/\/encuentroinformativo.com.mx\/?p=33932","title":{"rendered":"Invitan emprendedores a Expo Colmena"},"content":{"rendered":"\n<p><strong>Dar\u00edo Pale <\/strong><\/p>\n\n\n\n<p>Xalapa, Ver.- Invitan a la ciudadan\u00eda para que asista a la primera Expo Colmena en el Centro Recreativo Xalape\u00f1o, dicho evento se llevar\u00e1 a cabo los d\u00edas 2, 3 y 4 de diciembre de las 10:00 a 19:30 horas, as\u00ed lo se\u00f1al\u00f3, Adriana Mar\u00edn, representante de la <strong>Expo Colmena<\/strong>.<\/p>\n\n\n\n<p>En conferencia de prensa se\u00f1alaron que dicho evento es para, &#8220;poder llegar a m\u00e1s p\u00fablico, a m\u00e1s consumidores, para que el emprendimiento de cada una de las marcas tengan m\u00e1s alcance&#8221;.<\/p>\n\n\n\n<p>Dio a conocer que son m\u00e1s de 40 emprendedoras, 40 marcas que ofrecer\u00e1n diferentes productos, por lo que agradecieron el respaldo y apoyo de las autoridades municipales que encabeza el alcalde Ricardo Ahued Bardahuil.<\/p>\n\n\n\n<p><strong>&#8220;Todos trabajamos para apoyar la econom\u00eda y no seamos solo emprendedores, sino llegar a \u00a0convertirse en empresarios&#8221;, <\/strong>coment\u00f3.<\/p>\n\n\n\n<p>En ese sentido, destacaron que se ofrecer\u00e1n productos de calidad, adem\u00e1s de que habr\u00e1 actividades alternas, clases muestra, actividades altruistas, entre otras acciones.<\/p>\n\n\n\n<p>Finalmente dio a conocer que el evento es familiar, la entrada no tiene costo.<\/p>\n\n\n\n<p>Es la primera edici\u00f3n navide\u00f1a que realiza Colmena.<\/p>\n","protected":false},"excerpt":{"rendered":"<p>Dar\u00edo Pale Xalapa, Ver.- Invitan a la ciudadan\u00eda para que asista a la primera Expo Colmena en el Centro Recreativo Xalape\u00f1o, dicho evento se llevar\u00e1 a cabo los d\u00edas 2, 3 y 4 de diciembre de las 10:00 a 19:30 horas, as\u00ed lo se\u00f1al\u00f3, Adriana Mar\u00edn, representante de la Expo Colmena. En conferencia de prensa [&hellip;]<\/p>\n","protected":false},"author":1,"featured_media":33933,"comment_status":"open","ping_status":"open","sticky":false,"template":"","format":"standard","meta":{"_jetpack_memberships_contains_paid_content":false,"footnotes":""},"categories":[3],"tags":[],"class_list":["post-33932","post","type-post","status-publish","format-standard","has-post-thumbnail","hentry","category-xalapa"],"jetpack_featured_media_url":"https:\/\/encuentroinformativo.com.mx\/wp-content\/uploads\/2022\/11\/158AE85F-32A2-4489-8733-040545D12BB2.jpeg","jetpack_sharing_enabled":true,"jetpack_likes_enabled":true,"amp_enabled":true,"_links":{"self":[{"href":"https:\/\/encuentroinformativo.com.mx\/index.php?rest_route=\/wp\/v2\/posts\/33932","targetHints":{"allow":["GET"]}}],"collection":[{"href":"https:\/\/encuentroinformativo.com.mx\/index.php?rest_route=\/wp\/v2\/posts"}],"about":[{"href":"https:\/\/encuentroinformativo.com.mx\/index.php?rest_route=\/wp\/v2\/types\/post"}],"author":[{"embeddable":true,"href":"https:\/\/encuentroinformativo.com.mx\/index.php?rest_route=\/wp\/v2\/users\/1"}],"replies":[{"embeddable":true,"href":"https:\/\/encuentroinformativo.com.mx\/index.php?rest_route=%2Fwp%2Fv2%2Fcomments&post=33932"}],"version-history":[{"count":1,"href":"https:\/\/encuentroinformativo.com.mx\/index.php?rest_route=\/wp\/v2\/posts\/33932\/revisions"}],"predecessor-version":[{"id":33934,"href":"https:\/\/encuentroinformativo.com.mx\/index.php?rest_route=\/wp\/v2\/posts\/33932\/revisions\/33934"}],"wp:featuredmedia":[{"embeddable":true,"href":"https:\/\/encuentroinformativo.com.mx\/index.php?rest_route=\/wp\/v2\/media\/33933"}],"wp:attachment":[{"href":"https:\/\/encuentroinformativo.com.mx\/index.php?rest_route=%2Fwp%2Fv2%2Fmedia&parent=33932"}],"wp:term":[{"taxonomy":"category","embeddable":true,"href":"https:\/\/encuentroinformativo.com.mx\/index.php?rest_route=%2Fwp%2Fv2%2Fcategories&post=33932"},{"taxonomy":"post_tag","embeddable":true,"href":"https:\/\/encuentroinformativo.com.mx\/index.php?rest_route=%2Fwp%2Fv2%2Ftags&post=33932"}],"curies":[{"name":"wp","href":"https:\/\/api.w.org\/{rel}","templated":true}]}}