{"id":33938,"date":"2022-11-28T16:06:15","date_gmt":"2022-11-28T22:06:15","guid":{"rendered":"https:\/\/encuentroinformativo.com.mx\/?p=33938"},"modified":"2022-11-28T16:06:19","modified_gmt":"2022-11-28T22:06:19","slug":"presume-gobernador-participacion-de-veracruz-en-marcha-pro-amlo","status":"publish","type":"post","link":"https:\/\/encuentroinformativo.com.mx\/?p=33938","title":{"rendered":"Presume gobernador participaci\u00f3n de Veracruz en marcha pro AMLO"},"content":{"rendered":"\n<p><strong>Juan Arcos<\/strong><\/p>\n\n\n\n<p>Xalapa, Ver.- El gobernador Cuitl\u00e1huac Garc\u00eda Jim\u00e9nez consider\u00f3 que el contingente de Veracruz en la marcha del presidente Andr\u00e9s Manuel L\u00f3pez Obrador fue uno de los m\u00e1s numerosos.<\/p>\n\n\n\n<p>En conferencia de prensa, desde Palacio de Gobierno, el mandatario estatal agradeci\u00f3 a la gente de Veracruz que mostr\u00f3 p\u00fablicamente su respaldo a la Cuarta Transformaci\u00f3n (4T).<\/p>\n\n\n\n<p>\u201cVeracruz en la marcha del d\u00eda de ayer (domingo 27 de noviembre) tuvo una de las m\u00e1s importantes participaciones, fue uno de los contingentes m\u00e1s grandes y adem\u00e1s con mucho gusto, alegr\u00eda, de todos los municipios de Veracruz, del norte hasta el sur, desde P\u00e1nuco, Pueblo Viejo, pasando por la Huasteca, en Totonacapan, hasta la regi\u00f3n Olmeca, Las Choapas y Agua Dulce\u201d, expres\u00f3.<\/p>\n\n\n\n<p>Celebr\u00f3 que los ciudadanos que no pudieron acudir a la Ciudad de M\u00e9xico realizaran una manifestaci\u00f3n \u201cpropositiva\u201d en el puerto de Veracruz.<\/p>\n\n\n\n<p>Garc\u00eda Jim\u00e9nez se\u00f1al\u00f3 que es dif\u00edcil cuantificar el n\u00famero de personas que participaron en la movilizaci\u00f3n, pues se satur\u00f3 el Z\u00f3calo y las v\u00edas de comunicaci\u00f3n de acceso.<\/p>\n\n\n\n<p>\u201cEl c\u00e1lculo que hoy reportan los medios de un mill\u00f3n 200 mil personas, considero que se qued\u00f3 corto\u201d, enfatiz\u00f3.<\/p>\n\n\n\n<p><strong>\u201cNO SE DESTIN\u00d3 DINERO DEL ERARIO\u201d<\/strong><\/p>\n\n\n\n<p>El Gobernador garantiz\u00f3 que no se destinaron recursos del erario p\u00fablico para la marcha de AMLO.<\/p>\n\n\n\n<p>Lo anterior, luego de que la chef Do\u00f1a Clarita agradeciera en sus redes sociales a la Secretar\u00eda de Desarrollo Econ\u00f3mico y Portuario (Sedecop) la compra de box lunch para el viaje a la Ciudad de M\u00e9xico.<\/p>\n\n\n\n<p>En ese sentido, el titular del Poder Ejecutivo asever\u00f3 que todos los participantes cooperaron para viajar a CDMX y sumarse a la marcha convocada por el Presidente de la Rep\u00fablica.<\/p>\n\n\n\n<p>A\u00f1adi\u00f3 que en el Movimiento de Regeneraci\u00f3n Nacional (Morena) siempre se han organizado, desde antes de estar en el gobierno.<\/p>\n\n\n\n<p>\u201cNosotros nos organizamos y no \u00e9ramos gobierno, cooperando, todos poniendo tiempo, organizaci\u00f3n y dinero para contratar camiones y veh\u00edculos y movernos en la Ciudad de M\u00e9xico, por eso se que la cifra se qued\u00f3 corta. C\u00f3mo se organiz\u00f3 la gente, cooperando, claro que en esto derivado de las convicciones que tenemos es que el que tiene mayor posibilidad de cooperar, coopera m\u00e1s, diputados cooperaron, secretarios, subsecretarios, cooperaci\u00f3n y la gente\u201d, enfatiz\u00f3.<\/p>\n","protected":false},"excerpt":{"rendered":"<p>Juan Arcos Xalapa, Ver.- El gobernador Cuitl\u00e1huac Garc\u00eda Jim\u00e9nez consider\u00f3 que el contingente de Veracruz en la marcha del presidente Andr\u00e9s Manuel L\u00f3pez Obrador fue uno de los m\u00e1s numerosos. En conferencia de prensa, desde Palacio de Gobierno, el mandatario estatal agradeci\u00f3 a la gente de Veracruz que mostr\u00f3 p\u00fablicamente su respaldo a la Cuarta [&hellip;]<\/p>\n","protected":false},"author":1,"featured_media":33939,"comment_status":"open","ping_status":"open","sticky":false,"template":"","format":"standard","meta":{"_jetpack_memberships_contains_paid_content":false,"footnotes":""},"categories":[2],"tags":[],"class_list":["post-33938","post","type-post","status-publish","format-standard","has-post-thumbnail","hentry","category-estado"],"jetpack_featured_media_url":"https:\/\/encuentroinformativo.com.mx\/wp-content\/uploads\/2022\/11\/11C206C8-A6BA-4F14-9774-B5420B6CBF85.jpeg","jetpack_sharing_enabled":true,"jetpack_likes_enabled":true,"amp_enabled":true,"_links":{"self":[{"href":"https:\/\/encuentroinformativo.com.mx\/index.php?rest_route=\/wp\/v2\/posts\/33938","targetHints":{"allow":["GET"]}}],"collection":[{"href":"https:\/\/encuentroinformativo.com.mx\/index.php?rest_route=\/wp\/v2\/posts"}],"about":[{"href":"https:\/\/encuentroinformativo.com.mx\/index.php?rest_route=\/wp\/v2\/types\/post"}],"author":[{"embeddable":true,"href":"https:\/\/encuentroinformativo.com.mx\/index.php?rest_route=\/wp\/v2\/users\/1"}],"replies":[{"embeddable":true,"href":"https:\/\/encuentroinformativo.com.mx\/index.php?rest_route=%2Fwp%2Fv2%2Fcomments&post=33938"}],"version-history":[{"count":1,"href":"https:\/\/encuentroinformativo.com.mx\/index.php?rest_route=\/wp\/v2\/posts\/33938\/revisions"}],"predecessor-version":[{"id":33940,"href":"https:\/\/encuentroinformativo.com.mx\/index.php?rest_route=\/wp\/v2\/posts\/33938\/revisions\/33940"}],"wp:featuredmedia":[{"embeddable":true,"href":"https:\/\/encuentroinformativo.com.mx\/index.php?rest_route=\/wp\/v2\/media\/33939"}],"wp:attachment":[{"href":"https:\/\/encuentroinformativo.com.mx\/index.php?rest_route=%2Fwp%2Fv2%2Fmedia&parent=33938"}],"wp:term":[{"taxonomy":"category","embeddable":true,"href":"https:\/\/encuentroinformativo.com.mx\/index.php?rest_route=%2Fwp%2Fv2%2Fcategories&post=33938"},{"taxonomy":"post_tag","embeddable":true,"href":"https:\/\/encuentroinformativo.com.mx\/index.php?rest_route=%2Fwp%2Fv2%2Ftags&post=33938"}],"curies":[{"name":"wp","href":"https:\/\/api.w.org\/{rel}","templated":true}]}}