{"id":3394,"date":"2020-06-16T16:24:47","date_gmt":"2020-06-16T21:24:47","guid":{"rendered":"https:\/\/encuentroinformativo.com\/?p=3394"},"modified":"2020-06-16T16:24:50","modified_gmt":"2020-06-16T21:24:50","slug":"ante-crisis-por-covid-musicos-reclaman-apoyos","status":"publish","type":"post","link":"https:\/\/encuentroinformativo.com.mx\/?p=3394","title":{"rendered":"Ante crisis por Covid, m\u00fasicos reclaman apoyos"},"content":{"rendered":"\n<p><strong>Dar\u00edo Pale <\/strong><\/p>\n\n\n\n<p>Xalapa, Ver.- M\u00e1s de 20 mil m\u00fasicos de la entidad veracruzana se encuentran en una situaci\u00f3n desesperante debido a que hace tres meses y medio no han podido realizar conciertos, presentaciones y show como consecuencia de la pandemia ocasionada por el Covid 19, por lo que exigen que se les entreguen los apoyos aprobado por el Congreso Federal.<\/p>\n\n\n\n<p>En conferencia de prensa realizada en conocido caf\u00e9 del centro de Xalapa, solicitaron p\u00fablicamente al gobernador que les d\u00e9 el derecho de audiencia para expresarle que ya no tienen recursos para poder sostener a sus familias, puesto que desde hace tres meses suspendieron todas sus actividades.<\/p>\n\n\n\n<p>Por lo anterior el cantante Daniel Villalobos acompa\u00f1ado de integrantes de grupos musicales pidieron de manera respetuosa un di\u00e1logo con el gobernador Cuitl\u00e1huac Garc\u00eda Jim\u00e9nez para les d\u00e9 a conocer los motivos cu\u00e1les se encuentra detenido el recurso autorizado por la C\u00e1mara de Diputados el cual es el equivalente entre 4 a 6 mil pesos de manera mensual.<\/p>\n\n\n\n<p>\u201cQueremos enviar de forma p\u00fablica una petici\u00f3n al gobernador Cuitl\u00e1huac Garc\u00eda Jim\u00e9nez para que nos reciba y podemos tener con \u00e9l un di\u00e1logo y en \u00e9l manifestarle la grave situaci\u00f3n que vivimos. Recurrimos a \u00e9l como primera autoridad en el estado y esperando nos pueda otorgar la ayuda que le solicitamos\u201d, dijo.<\/p>\n\n\n\n<p>\u201cEstamos en un momento dif\u00edcil porque no hemos podido llevar comida a nuestras casas, porque muchos \u00fanicamente nos dedicamos a tocar y cantar que es nuestro oficio y carrera de toda la vida, lo que queremos es un dialogo con \u00e9l porque tenemos necesidades que nos apoyen\u201d, agreg\u00f3.<\/p>\n\n\n\n<p>Incluso coment\u00f3 que hay integrantes de ese gremio que se han contagiado por el Covid 19 por buscar un sustento para su familia.<\/p>\n\n\n\n<p>Por su parte Rolando V\u00e1zquez de los internacionales de<em> Los V\u00e1zquez<\/em> se\u00f1al\u00f3 que ya entregaron los papeles a la Secretar\u00eda del Bienestar hace dos meses sin que hasta el momento les haya dado los recursos.<\/p>\n\n\n\n<p>\u201cDe acuerdo a lo que sabemos, el Congreso federal autoriz\u00f3 recursos para los m\u00fasicos: se habla que son entre cuatro mil y seis mil pesos por cada m\u00fasico pero hasta ahora no hemos visto ese dinero que ya debe estar radicado en Veracruz. Por ello queremos tener un di\u00e1logo con el gobernador para que nos diga el de qu\u00e9 manera se nos puede otorgar apoyo para el sostenimiento de nuestras familias\u201d, expres\u00f3.<\/p>\n\n\n\n<p>Record\u00f3 que los m\u00fasicos fueron los primeros en suspender actividades y que por ello ya llevan tres meses sin trabajo y sin recursos, por lo que de no tener una respuesta adelant\u00f3 llevaran a cabo una manifestaci\u00f3n.<\/p>\n\n\n\n<p><\/p>\n\n\n\n<p><\/p>\n","protected":false},"excerpt":{"rendered":"<p>Dar\u00edo Pale Xalapa, Ver.- M\u00e1s de 20 mil m\u00fasicos de la entidad veracruzana se encuentran en una situaci\u00f3n desesperante debido a que hace tres meses y medio no han podido realizar conciertos, presentaciones y show como consecuencia de la pandemia ocasionada por el Covid 19, por lo que exigen que se les entreguen los apoyos [&hellip;]<\/p>\n","protected":false},"author":1,"featured_media":3395,"comment_status":"open","ping_status":"open","sticky":false,"template":"","format":"standard","meta":{"_jetpack_memberships_contains_paid_content":false,"footnotes":""},"categories":[2],"tags":[],"class_list":["post-3394","post","type-post","status-publish","format-standard","has-post-thumbnail","hentry","category-estado"],"jetpack_featured_media_url":"https:\/\/encuentroinformativo.com.mx\/wp-content\/uploads\/2020\/06\/B5F0606D-FA9F-46E6-B2DF-0353041A2A19.jpeg","jetpack_sharing_enabled":true,"jetpack_likes_enabled":true,"amp_enabled":true,"_links":{"self":[{"href":"https:\/\/encuentroinformativo.com.mx\/index.php?rest_route=\/wp\/v2\/posts\/3394","targetHints":{"allow":["GET"]}}],"collection":[{"href":"https:\/\/encuentroinformativo.com.mx\/index.php?rest_route=\/wp\/v2\/posts"}],"about":[{"href":"https:\/\/encuentroinformativo.com.mx\/index.php?rest_route=\/wp\/v2\/types\/post"}],"author":[{"embeddable":true,"href":"https:\/\/encuentroinformativo.com.mx\/index.php?rest_route=\/wp\/v2\/users\/1"}],"replies":[{"embeddable":true,"href":"https:\/\/encuentroinformativo.com.mx\/index.php?rest_route=%2Fwp%2Fv2%2Fcomments&post=3394"}],"version-history":[{"count":1,"href":"https:\/\/encuentroinformativo.com.mx\/index.php?rest_route=\/wp\/v2\/posts\/3394\/revisions"}],"predecessor-version":[{"id":3396,"href":"https:\/\/encuentroinformativo.com.mx\/index.php?rest_route=\/wp\/v2\/posts\/3394\/revisions\/3396"}],"wp:featuredmedia":[{"embeddable":true,"href":"https:\/\/encuentroinformativo.com.mx\/index.php?rest_route=\/wp\/v2\/media\/3395"}],"wp:attachment":[{"href":"https:\/\/encuentroinformativo.com.mx\/index.php?rest_route=%2Fwp%2Fv2%2Fmedia&parent=3394"}],"wp:term":[{"taxonomy":"category","embeddable":true,"href":"https:\/\/encuentroinformativo.com.mx\/index.php?rest_route=%2Fwp%2Fv2%2Fcategories&post=3394"},{"taxonomy":"post_tag","embeddable":true,"href":"https:\/\/encuentroinformativo.com.mx\/index.php?rest_route=%2Fwp%2Fv2%2Ftags&post=3394"}],"curies":[{"name":"wp","href":"https:\/\/api.w.org\/{rel}","templated":true}]}}