{"id":33941,"date":"2022-11-28T16:53:37","date_gmt":"2022-11-28T22:53:37","guid":{"rendered":"https:\/\/encuentroinformativo.com.mx\/?p=33941"},"modified":"2022-11-28T16:53:42","modified_gmt":"2022-11-28T22:53:42","slug":"saldo-blanco-tras-fuga-de-amoniaco-afirman-autoridades","status":"publish","type":"post","link":"https:\/\/encuentroinformativo.com.mx\/?p=33941","title":{"rendered":"Saldo blanco; tras fuga de amoniaco, afirman autoridades"},"content":{"rendered":"\n<p><strong>Juan Arcos<\/strong><\/p>\n\n\n\n<p>Xalapa, Ver.- Tras la emergencia por la fuga de amoniaco en el municipio de Nanchital, al sur de Veracruz, solo dos personas presentaron s\u00edntomas por una posible intoxicaci\u00f3n, revel\u00f3 el gobernador Cuitl\u00e1huac Garc\u00eda Jim\u00e9nez.<\/p>\n\n\n\n<p>En conferencia de prensa, el mandatario estatal detall\u00f3 que las personas solo sintieron dolor de cabeza y mareo por esta fuga detectada el pasado jueves 24 de noviembre.<\/p>\n\n\n\n<p>Desde Palacio de Gobierno indic\u00f3 que fueron albergadas 950 personas en los refugios temporales por el fuerte olor a amoniaco en la zona sur de la entidad.<\/p>\n\n\n\n<p>El hecho fue atendido por autoridades municipales de Nanchital, Coatzacoalcos, Ixhuatl\u00e1n del Sureste y personal de la Secretar\u00eda de Protecci\u00f3n Civil (PC) y de los Servicios de Salud de Veracruz (Sesver).<\/p>\n\n\n\n<p>Garc\u00eda Jim\u00e9nez record\u00f3 que el pasado s\u00e1bado 26 de noviembre se cerr\u00f3 la atenci\u00f3n por la fuga de amoniaco en Nanchital.<\/p>\n\n\n\n<p>\u201cNo hubo afectaci\u00f3n a la salud y Pemex aplic\u00f3 r\u00e1pidamente sus protocolos, polic\u00edas municipales, direcciones de protecci\u00f3n civil, se atendi\u00f3 bien y personal especializado de la paraestatal sell\u00f3 los ductos y nos comunicaron que el aroma se qued\u00f3 en el ambiente, lo que se vigil\u00f3, el s\u00e1bado en la noche se levant\u00f3 la emergencia y qued\u00f3 resuelto por parte de los especialistas\u201d, expres\u00f3.<\/p>\n\n\n\n<p>En otro tema, el Gobernador de Veracruz dio a conocer que la explosi\u00f3n en el Complejo Petroqu\u00edmico Cangrejera, ubicado en Coatzacoalcos, fue un asunto menor atendido por Pemex.<\/p>\n\n\n\n<p>El incidente ocurri\u00f3 durante el domingo en un horno de la Fraccionadora de Hidrocarburos, donde un trabajador result\u00f3 herido y fue trasladado al Hospital de Pemex.<\/p>\n","protected":false},"excerpt":{"rendered":"<p>Juan Arcos Xalapa, Ver.- Tras la emergencia por la fuga de amoniaco en el municipio de Nanchital, al sur de Veracruz, solo dos personas presentaron s\u00edntomas por una posible intoxicaci\u00f3n, revel\u00f3 el gobernador Cuitl\u00e1huac Garc\u00eda Jim\u00e9nez. En conferencia de prensa, el mandatario estatal detall\u00f3 que las personas solo sintieron dolor de cabeza y mareo por [&hellip;]<\/p>\n","protected":false},"author":1,"featured_media":33942,"comment_status":"open","ping_status":"open","sticky":false,"template":"","format":"standard","meta":{"_jetpack_memberships_contains_paid_content":false,"footnotes":""},"categories":[2],"tags":[],"class_list":["post-33941","post","type-post","status-publish","format-standard","has-post-thumbnail","hentry","category-estado"],"jetpack_featured_media_url":"https:\/\/encuentroinformativo.com.mx\/wp-content\/uploads\/2022\/11\/5A95F953-172F-489E-BFFC-47ABD8AE2F1C.jpeg","jetpack_sharing_enabled":true,"jetpack_likes_enabled":true,"amp_enabled":true,"_links":{"self":[{"href":"https:\/\/encuentroinformativo.com.mx\/index.php?rest_route=\/wp\/v2\/posts\/33941","targetHints":{"allow":["GET"]}}],"collection":[{"href":"https:\/\/encuentroinformativo.com.mx\/index.php?rest_route=\/wp\/v2\/posts"}],"about":[{"href":"https:\/\/encuentroinformativo.com.mx\/index.php?rest_route=\/wp\/v2\/types\/post"}],"author":[{"embeddable":true,"href":"https:\/\/encuentroinformativo.com.mx\/index.php?rest_route=\/wp\/v2\/users\/1"}],"replies":[{"embeddable":true,"href":"https:\/\/encuentroinformativo.com.mx\/index.php?rest_route=%2Fwp%2Fv2%2Fcomments&post=33941"}],"version-history":[{"count":1,"href":"https:\/\/encuentroinformativo.com.mx\/index.php?rest_route=\/wp\/v2\/posts\/33941\/revisions"}],"predecessor-version":[{"id":33943,"href":"https:\/\/encuentroinformativo.com.mx\/index.php?rest_route=\/wp\/v2\/posts\/33941\/revisions\/33943"}],"wp:featuredmedia":[{"embeddable":true,"href":"https:\/\/encuentroinformativo.com.mx\/index.php?rest_route=\/wp\/v2\/media\/33942"}],"wp:attachment":[{"href":"https:\/\/encuentroinformativo.com.mx\/index.php?rest_route=%2Fwp%2Fv2%2Fmedia&parent=33941"}],"wp:term":[{"taxonomy":"category","embeddable":true,"href":"https:\/\/encuentroinformativo.com.mx\/index.php?rest_route=%2Fwp%2Fv2%2Fcategories&post=33941"},{"taxonomy":"post_tag","embeddable":true,"href":"https:\/\/encuentroinformativo.com.mx\/index.php?rest_route=%2Fwp%2Fv2%2Ftags&post=33941"}],"curies":[{"name":"wp","href":"https:\/\/api.w.org\/{rel}","templated":true}]}}