{"id":33944,"date":"2022-11-28T19:21:48","date_gmt":"2022-11-29T01:21:48","guid":{"rendered":"https:\/\/encuentroinformativo.com.mx\/?p=33944"},"modified":"2022-11-28T19:21:54","modified_gmt":"2022-11-29T01:21:54","slug":"personas-con-discapacidad-auditiva-reclaman-trabajos-dignos","status":"publish","type":"post","link":"https:\/\/encuentroinformativo.com.mx\/?p=33944","title":{"rendered":"Personas con discapacidad auditiva, reclaman trabajos dignos"},"content":{"rendered":"\n<p><strong>Juan Arcos\/Dar\u00edo Pale <\/strong><\/p>\n\n\n\n<p>Xalapa, Ver.- Decenas de personas con discapacidad auditiva marcharon en esta ciudad de Xalapa durante el D\u00eda Nacional de las Personas Sordas.<\/p>\n\n\n\n<p>Se concentraron en la explanada del Teatro del Estado \u201cIgnacio de la Llave\u201d y, alrededor de las 16:30 horas de este lunes 28 de noviembre, caminaron hacia Plaza Sebasti\u00e1n Lerdo de Tejada.<\/p>\n\n\n\n<p>Con la movilizaci\u00f3n buscan que este sector de la poblaci\u00f3n sea viabilizado, para garantizar la inclusi\u00f3n social en la entidad veracruzana.<\/p>\n\n\n\n<p>Al grito de \u201cm\u00e1s inclusi\u00f3n, menos exclusi\u00f3n\u201d recorrieron la avenida Manuel \u00c1vila Camacho, el Viaducto del parque Benito Ju\u00e1rez, as\u00ed como las calles Ignacio Zaragoza y Juan de la Luz Enr\u00edquez para plantarse frente al Palacio de Gobierno.<\/p>\n\n\n\n<p>\u201cTrabajo digno para las personas sordas. Somos inteligentes, tenemos derechos, \u00a1queremos trabajar!\u201d, se le\u00eda en algunas de sus pancartas.<\/p>\n\n\n\n<p>A decir de Laura Herrera Hern\u00e1ndez responsable del Programa Educaci\u00f3n y Cultura para Comunidades Sordas de la subsecretar\u00eda de Desarrollo Educativo de la Secretar\u00eda de Educaci\u00f3n de Veracruz, dio a conocer que debe de existir una atenci\u00f3n correcta y digna para las personas sordas en lengua de se\u00f1as mexicanas.<\/p>\n\n\n\n<p>&#8220;Por el empleo evitar decir lenguaje de se\u00f1as, si no lengua de se\u00f1as mexicanas y no utilizar el t\u00e9rmino sordomudo si no persona sorda o sordo, ese es el t\u00e9rmino correcto y que no es peyorativo para nosotros&#8221;, se\u00f1al\u00f3.<\/p>\n\n\n\n<p>En el marco del D\u00eda Nacional de las Personas Sordas, pugnaron por la dignificaci\u00f3n y visibilizaci\u00f3n de este sector de la poblaci\u00f3n.<\/p>\n\n\n\n<p>&#8220;Que reconozcan que somos parte de una comunidad ling\u00fc\u00edstica y que reconozcan nuestro idioma&#8230; Que reconozcan que somos parte de una comunidad ling\u00fc\u00edstica y que reconozcan nuestro idioma&#8221;, agreg\u00f3.<\/p>\n\n\n\n<p>Se estima que durante 2021 en M\u00e9xico hab\u00eda cerca de 2.3 millones de personas sordas, seg\u00fan la \u00faltima actualizaci\u00f3n de la Secretar\u00eda de Salud federal.<\/p>\n\n\n\n<figure class=\"wp-block-image size-large\"><img loading=\"lazy\" decoding=\"async\" width=\"1024\" height=\"576\" src=\"https:\/\/encuentroinformativo.com.mx\/wp-content\/uploads\/2022\/11\/B073A60C-EA3D-403D-BA91-8484E8E6FD14-1024x576.jpeg\" alt=\"\" class=\"wp-image-33946\" srcset=\"https:\/\/encuentroinformativo.com.mx\/wp-content\/uploads\/2022\/11\/B073A60C-EA3D-403D-BA91-8484E8E6FD14-1024x576.jpeg 1024w, https:\/\/encuentroinformativo.com.mx\/wp-content\/uploads\/2022\/11\/B073A60C-EA3D-403D-BA91-8484E8E6FD14-300x169.jpeg 300w, https:\/\/encuentroinformativo.com.mx\/wp-content\/uploads\/2022\/11\/B073A60C-EA3D-403D-BA91-8484E8E6FD14-768x432.jpeg 768w, https:\/\/encuentroinformativo.com.mx\/wp-content\/uploads\/2022\/11\/B073A60C-EA3D-403D-BA91-8484E8E6FD14-1536x864.jpeg 1536w, https:\/\/encuentroinformativo.com.mx\/wp-content\/uploads\/2022\/11\/B073A60C-EA3D-403D-BA91-8484E8E6FD14.jpeg 1599w\" sizes=\"auto, (max-width: 1024px) 100vw, 1024px\" \/><\/figure>\n\n\n\n<figure class=\"wp-block-image size-large\"><img loading=\"lazy\" decoding=\"async\" width=\"1024\" height=\"682\" src=\"https:\/\/encuentroinformativo.com.mx\/wp-content\/uploads\/2022\/11\/63A97633-3375-49FF-86EB-DAB0C5842FA5-1024x682.jpeg\" alt=\"\" class=\"wp-image-33947\" srcset=\"https:\/\/encuentroinformativo.com.mx\/wp-content\/uploads\/2022\/11\/63A97633-3375-49FF-86EB-DAB0C5842FA5-1024x682.jpeg 1024w, https:\/\/encuentroinformativo.com.mx\/wp-content\/uploads\/2022\/11\/63A97633-3375-49FF-86EB-DAB0C5842FA5-300x200.jpeg 300w, https:\/\/encuentroinformativo.com.mx\/wp-content\/uploads\/2022\/11\/63A97633-3375-49FF-86EB-DAB0C5842FA5-768x512.jpeg 768w, https:\/\/encuentroinformativo.com.mx\/wp-content\/uploads\/2022\/11\/63A97633-3375-49FF-86EB-DAB0C5842FA5.jpeg 1280w\" sizes=\"auto, (max-width: 1024px) 100vw, 1024px\" \/><\/figure>\n","protected":false},"excerpt":{"rendered":"<p>Juan Arcos\/Dar\u00edo Pale Xalapa, Ver.- Decenas de personas con discapacidad auditiva marcharon en esta ciudad de Xalapa durante el D\u00eda Nacional de las Personas Sordas. Se concentraron en la explanada del Teatro del Estado \u201cIgnacio de la Llave\u201d y, alrededor de las 16:30 horas de este lunes 28 de noviembre, caminaron hacia Plaza Sebasti\u00e1n Lerdo [&hellip;]<\/p>\n","protected":false},"author":1,"featured_media":33945,"comment_status":"open","ping_status":"open","sticky":false,"template":"","format":"standard","meta":{"_jetpack_memberships_contains_paid_content":false,"footnotes":""},"categories":[3],"tags":[],"class_list":["post-33944","post","type-post","status-publish","format-standard","has-post-thumbnail","hentry","category-xalapa"],"jetpack_featured_media_url":"https:\/\/encuentroinformativo.com.mx\/wp-content\/uploads\/2022\/11\/14FCB433-4F45-4593-A1F6-915B5EA2F00B.jpeg","jetpack_sharing_enabled":true,"jetpack_likes_enabled":true,"amp_enabled":true,"_links":{"self":[{"href":"https:\/\/encuentroinformativo.com.mx\/index.php?rest_route=\/wp\/v2\/posts\/33944","targetHints":{"allow":["GET"]}}],"collection":[{"href":"https:\/\/encuentroinformativo.com.mx\/index.php?rest_route=\/wp\/v2\/posts"}],"about":[{"href":"https:\/\/encuentroinformativo.com.mx\/index.php?rest_route=\/wp\/v2\/types\/post"}],"author":[{"embeddable":true,"href":"https:\/\/encuentroinformativo.com.mx\/index.php?rest_route=\/wp\/v2\/users\/1"}],"replies":[{"embeddable":true,"href":"https:\/\/encuentroinformativo.com.mx\/index.php?rest_route=%2Fwp%2Fv2%2Fcomments&post=33944"}],"version-history":[{"count":1,"href":"https:\/\/encuentroinformativo.com.mx\/index.php?rest_route=\/wp\/v2\/posts\/33944\/revisions"}],"predecessor-version":[{"id":33948,"href":"https:\/\/encuentroinformativo.com.mx\/index.php?rest_route=\/wp\/v2\/posts\/33944\/revisions\/33948"}],"wp:featuredmedia":[{"embeddable":true,"href":"https:\/\/encuentroinformativo.com.mx\/index.php?rest_route=\/wp\/v2\/media\/33945"}],"wp:attachment":[{"href":"https:\/\/encuentroinformativo.com.mx\/index.php?rest_route=%2Fwp%2Fv2%2Fmedia&parent=33944"}],"wp:term":[{"taxonomy":"category","embeddable":true,"href":"https:\/\/encuentroinformativo.com.mx\/index.php?rest_route=%2Fwp%2Fv2%2Fcategories&post=33944"},{"taxonomy":"post_tag","embeddable":true,"href":"https:\/\/encuentroinformativo.com.mx\/index.php?rest_route=%2Fwp%2Fv2%2Ftags&post=33944"}],"curies":[{"name":"wp","href":"https:\/\/api.w.org\/{rel}","templated":true}]}}