{"id":33956,"date":"2022-11-29T09:16:07","date_gmt":"2022-11-29T15:16:07","guid":{"rendered":"https:\/\/encuentroinformativo.com.mx\/?p=33956"},"modified":"2022-11-29T09:16:11","modified_gmt":"2022-11-29T15:16:11","slug":"amlo-mostro-musculo-hara-la-oposicion-otra-marcha","status":"publish","type":"post","link":"https:\/\/encuentroinformativo.com.mx\/?p=33956","title":{"rendered":"AMLO MOSTR\u00d3 M\u00daSCULO; \u00bfHAR\u00c1 LA OPOSICI\u00d3N OTRA MARCHA?"},"content":{"rendered":"\n<p><strong>ColumnaSinNombre<br>@pablojair<\/strong><\/p>\n\n\n\n<ul class=\"wp-block-list\"><li>Lista, la Ley Monse para evitar encubrimientos familiares.<\/li><li>Otra buena calificaci\u00f3n crediticia para Veracruz.<\/li><li>Maestros presentes en la marcha de la CDMX.<\/li><\/ul>\n\n\n\n<p>Si la selecci\u00f3n pasa a la siguiente ronda, votar\u00e9 por Va Por M\u00e9xico<br>\u2014Chopenjawer<\/p>\n\n\n\n<p>Pues este domingo se llev\u00f3 a cabo la marcha de apoyo al presidente Andr\u00e9s Manuel L\u00f3pez Obrador y ocurri\u00f3 lo que se preve\u00eda (y lo hab\u00edamos escrito en ColumnaSinNombre en una edici\u00f3n anterior): que muy f\u00e1cilmente iba a superar por mucho la organizada por la oposici\u00f3n el pasado 13 de noviembre, pues se habla de una movilizaci\u00f3n de un mill\u00f3n de personas.<\/p>\n\n\n\n<p>El gober veracruzano Cuitl\u00e1huac dijo que incluso hubo m\u00e1s gente; que muchos (incluido \u00e9l) no llegaron a la plancha del Z\u00f3calo luego de la caminata por calles de la Ciudad de M\u00e9xico, porque algunos de plano se cansaron y se quedaron mejor a ver las pantallas instaladas en las avenidas.<\/p>\n\n\n\n<p>Presentes en la marcha confirman lo anterior: fue agotador, caminaron alrededor de 12 kil\u00f3metros y hac\u00eda mucho sol. Luego de un largo rato, buscaron la sombrita y d\u00f3nde ver el discurso del presidente.<\/p>\n\n\n\n<p>S\u00ed, solamente un tabasque\u00f1o terco insistir\u00eda en seguirle a pata y llegar hasta el Z\u00f3calo\u2026 Bueno, dos, porque detr\u00e1s de \u00e9l estaba tambi\u00e9n Ad\u00e1n Augusto.<\/p>\n\n\n\n<p>Con la marcha del domingo, as\u00ed L\u00f3pez Obrador le contest\u00f3 a sus cr\u00edticos y opositores que pensaban ganarle mostrando m\u00fasculo en las calles; y eso que le acercaron el \u201cJetta Presidencial\u201d para su seguridad, pero \u00e9l decidi\u00f3 seguir con la marcha que dur\u00f3 cerca de 6 horas y tanto.<\/p>\n\n\n\n<p>Y ese fue otro m\u00e9rito que quiz\u00e1s poco se destac\u00f3: el presidente sali\u00f3 a caminar a las calles como hace mucho no lo hac\u00eda uno; exponi\u00e9ndose a todo, con una larga caminata que s\u00f3lo un \u201cindio patarrajada\u201d (as\u00ed le dijo una do\u00f1ita en la marcha del INE) aguantar\u00eda.<\/p>\n\n\n\n<p>Honestamente, la guerra de cifras sale sobrando; ambas marchas \u2014la del 13 y la del 27\u2014 fueron multitudinarias, numerosas, pero la de este domingo super\u00f3 por mucho a la organizada por los pol\u00edticos de oposici\u00f3n\u2026 \u201cHaiga sido como haiga sido\u201d, dir\u00eda el cl\u00e1sico de Calder\u00f3n, se super\u00f3 por mucho a la que se supone era en defensa del Instituto Nacional Electoral (INE), cuya reforma se prev\u00e9 votar en las pr\u00f3ximas horas.<\/p>\n\n\n\n<p>El argumento para descalificar la marcha por parte de los grupos opositores es que hubo un acarreo\u2026 y es chistoso que lo se\u00f1alen l\u00edderes de partidos como el PAN y PRI, pues esas pr\u00e1cticas tambi\u00e9n las realizan en tiempos de campa\u00f1a; o sea, tampoco se azoten: es deporte nacional en todos los partidos pol\u00edticos de M\u00e9xico. So, no memen.<\/p>\n\n\n\n<p>No obstante, creo que tambi\u00e9n una buena parte de los asistentes llegaron por su propia voluntad, porque ya hemos estado en m\u00edtines de AMLO antes cuando buscaba la Presidencia, y muchos de sus simpatizantes van por s\u00ed solos ya sea por el morbo, el carisma o la simple curiosidad de ver al tabasque\u00f1o.<\/p>\n\n\n\n<p>\u00bfQue hab\u00eda muchos camiones? Pues s\u00ed, una gran cantidad de gente \u2014supongo\u2014 se moviliz\u00f3 de la forma en que le haya salido m\u00e1s barato, m\u00e1s que poner a disposici\u00f3n un veh\u00edculo de su propiedad, exponerlo en la carretera, pagar gasolina, casetas, estar a expensas de los \u201cmordelones\u201d de la Ciudad de M\u00e9xico que atoran a los jarochos, etc., alguien con tantito sentido com\u00fan hubiese propuesto viajar a la CDMX con un cami\u00f3n rentado, y si se puede buscar el apoyo de alg\u00fan patrocinador (regularmente, alg\u00fan l\u00edder que gana buen salario como alcaldes, diputados, etc.) y viajar en bola a una metr\u00f3poli que adem\u00e1s pocos le saben para conducirse, manejarse y no perderse. No es de genios que la gente llega solamente v\u00eda el ADO o en peregrinaci\u00f3n: para eso hay camiones de turismo con choferes experimentados.<\/p>\n\n\n\n<p>Lo que quiz\u00e1s s\u00ed les fall\u00f3 fue la organizaci\u00f3n. Al final, la foto chida, era ver un Z\u00f3calo repleto, pero se vieron muchos huecos con gente que decidi\u00f3 quedarse en el camino y no llegar hasta el evento principal. A los organizadores ah\u00ed les falt\u00f3 \u201ccolmillo\u201d\u2026 como los pri\u00edstas.<\/p>\n\n\n\n<p>Pero bueno, el argumento fue descalificar a todos esos posibles votantes del futuro como \u201cacarreados, ignorantes, nacos\u201d. A ver si as\u00ed ganan simpat\u00eda en la oposici\u00f3n dentro de dos a\u00f1os. Ah\u00ed los quiero ver.<\/p>\n\n\n\n<p>Acarreados o no (que sinceramente se me hace un t\u00e9rmino muy despectivo), el fondo es que AMLO y Morena demostraron m\u00fasculo y arroparon a su l\u00edder m\u00e1ximo, por lo que el presidente \u2014si bien dicen que no estar\u00e1 en las boletas del 2024\u2014 se ve que todav\u00eda tiene un buen de poder de convocatoria y hay gente convencida de continuar con el proyecto que inici\u00f3 denominado Cuarta Transformaci\u00f3n, ahora Humanismo a la Mexicana o algo as\u00ed.<\/p>\n\n\n\n<p>Lo m\u00e1s previsible, insisto, ha sido la descalificaci\u00f3n en esta guerra polarizada qu\u00e9 hay entre los amantes y odiadores de Lopez Obrador, pero la verdadera pregunta deber\u00eda ser: \u00bfle quedan ganas a la oposici\u00f3n, a los cr\u00edticos, a los que odian a AMLO, de hacer otra marcha?<\/p>\n\n\n\n<p>Tomar las calles era algo as\u00ed como el \u00faltimo efecto medi\u00e1tico de alto nivel que podr\u00edan haber tenido, pero AMLO y sus hordas les contestaron en el mismo nivel y los rebasaron en n\u00famero.<\/p>\n\n\n\n<p>Y es que el querer vender la idea de que son \u201cciudadanos\u201d que tambi\u00e9n marchan por las calles, andan a pie, parece tener un efecto contrario, pues nadie se los cree\u2026 No son de barrio, no son de calle; son pol\u00edticos que prefieren ir a Madrid o hacer ruido (mucho) en redes sociales, pero dif\u00edcilmente pueden ponerse la camiseta de ser gente de pueblo.<\/p>\n\n\n\n<p>La estrategia de la descalificaci\u00f3n tampoco ayuda en nada; s\u00f3lo polariza y los analistas pol\u00edticos serios como el periodista Ciro G\u00f3mez Leyva \u2014ayer lo dec\u00eda en su noticiero\u2014 han remarcado hasta el cansancio que ese escenario s\u00f3lo favorece a L\u00f3pez Obrador, porque es una clase opositora muy peque\u00f1a ante la gran clase popular a la que se le remarca cada vez m\u00e1s la idea de grupos reducidos de poder enojados por la p\u00e9rdida de privilegios.<\/p>\n\n\n\n<p>Por cierto, en estas horas est\u00e1 ya por votarse la Reforma Electoral. Anoche un amigo me preguntaba c\u00f3mo ve\u00eda el escenario y le dec\u00eda que ve\u00eda dif\u00edcil que pasara. Lo m\u00e1s probable es que AMLO finalmente aplique el famoso Plan B de Leyes Secundarias y sirva el voto de rechazo para usarse otra vez a exhibir a la oposici\u00f3n como villanos del sistema\u2026 y estos har\u00e1n alharaca de que defendieron al INE y ni con \u201cacarreados\u201d lograron tocar al instituto.<\/p>\n\n\n\n<p><strong>NOTA PARA PEGAR EN EL REFRI\u2026<\/strong> Una buena noticia en el Congreso del Estado dada a conocer por la diputada Anil\u00fa Ingram Vallines y el diputado Marlon Ram\u00edrez Mar\u00edn, ambos del PRI: este lunes fue firmado por los legisladores integrantes de la Comisi\u00f3n de Justicia y Puntos Constitucionales el Dictamen con Proyecto de Decreto para reformar art\u00edculos en materia de encubrimiento \u2014iniciativa tambi\u00e9n conocida como \u201cLey Monse\u201d\u2014 con el que se busca evitar que no haya redes de familiares que protejan a presuntos delincuentes, como sucedi\u00f3 en el muy desafortunado caso de Monserrat Bendimes, la joven que muri\u00f3 por los golpes que le propin\u00f3 su novio Marlon Botas, huyendo \u00e9ste con la protecci\u00f3n de sus padres por un largo rato, hasta que fue se entreg\u00f3 en Xalapa ante las autoridades ministeriales hace algunos meses atr\u00e1s\u2026 Ahora sigue que sea votada en el pleno de la actual legislatura, pero se augura que pasar\u00e1 sin problema\u2026 \u00a1Excelente, justicia para las v\u00edctimas y sus familias!\u2026<\/p>\n\n\n\n<p><strong>OTRA NOTA: <\/strong>Mientras se echaban un taco en el mercadito de La Rotonda (luego hay gente fif\u00ed como uno que prefiere ir al Vadiros y as\u00ed), el gobernador Cuitl\u00e1huac Garc\u00eda Jim\u00e9nez, y el secretario de Finanzas, Jos\u00e9 Luis Lima Franco, dieron a conocer que este d\u00eda Veracruz volvi\u00f3 a tener buenas noticias en la parte crediticia, pues la firma Standard &amp; Poor\u2019s dio buena calificaci\u00f3n a Veracruz y por eso fueron a festejarlo con caldito de res y gorditas gigantes: \u201cAhora a ver qu\u00e9 dicen los que tra\u00edan la cantaleta de que \u2018endeudamos\u2019 a Veracruz en la 4T, si esta evaluaci\u00f3n positiva se debe a la reducci\u00f3n de la deuda y transparencia presupuestal entre otros factores. Por lo mientras, tambi\u00e9n le subo puntos al caldito de res de ac\u00e1 de la Rotonda. Seguimos chambeando\u201d, dijo el mandatario estatal.<\/p>\n\n\n\n<p><strong>LA \u00daLTIMA PORQUE JOCHOS DEL MAY: <\/strong>\u201cAgradezco a los m\u00e1s de 6 mil maestras y maestros que nos acompa\u00f1aron al gobernador Cuitl\u00e1huac Garc\u00eda Jim\u00e9nez y a un servidor en esta marcha, que no solo es un respaldo al presidente Andr\u00e9s Manuel L\u00f3pez Obrador, sino tambi\u00e9n es la confirmaci\u00f3n de que hace cuatro a\u00f1os los mexicanos no nos equivocamos. En este tiempo, con el liderazgo de nuestro mandatario federal y del maestro Cuitl\u00e1huac Garc\u00eda Jim\u00e9nez, hemos podido trazar una ruta eficaz para la transformaci\u00f3n de la educaci\u00f3n en Veracruz; se trata de una nueva lucha, no contra los gobiernos, sino por consolidar la educaci\u00f3n de excelencia que se merecen nuestra ni\u00f1ez y juventud. La presencia del magisterio es muestra de que nuestro trabajo diario en estos a\u00f1os est\u00e1 rindiendo frutos\u201d\u2026 Lo anterior lo dijo el secretario de Educaci\u00f3n de Veracruz, Zenyazen Escobar Garc\u00eda\u2026 Por cierto, de los contingentes m\u00e1s numerosos de la entidad en la marcha del domingo.<\/p>\n","protected":false},"excerpt":{"rendered":"<p>ColumnaSinNombre@pablojair Lista, la Ley Monse para evitar encubrimientos familiares. Otra buena calificaci\u00f3n crediticia para Veracruz. Maestros presentes en la marcha de la CDMX. Si la selecci\u00f3n pasa a la siguiente ronda, votar\u00e9 por Va Por M\u00e9xico\u2014Chopenjawer Pues este domingo se llev\u00f3 a cabo la marcha de apoyo al presidente Andr\u00e9s Manuel L\u00f3pez Obrador y ocurri\u00f3 [&hellip;]<\/p>\n","protected":false},"author":1,"featured_media":488,"comment_status":"open","ping_status":"open","sticky":false,"template":"","format":"standard","meta":{"_jetpack_memberships_contains_paid_content":false,"footnotes":""},"categories":[11],"tags":[],"class_list":["post-33956","post","type-post","status-publish","format-standard","has-post-thumbnail","hentry","category-opinion"],"jetpack_featured_media_url":"https:\/\/encuentroinformativo.com.mx\/wp-content\/uploads\/2020\/03\/F471F608-BA1A-416B-BA7B-BCFB24F4E6D0.jpeg","jetpack_sharing_enabled":true,"jetpack_likes_enabled":true,"amp_enabled":true,"_links":{"self":[{"href":"https:\/\/encuentroinformativo.com.mx\/index.php?rest_route=\/wp\/v2\/posts\/33956","targetHints":{"allow":["GET"]}}],"collection":[{"href":"https:\/\/encuentroinformativo.com.mx\/index.php?rest_route=\/wp\/v2\/posts"}],"about":[{"href":"https:\/\/encuentroinformativo.com.mx\/index.php?rest_route=\/wp\/v2\/types\/post"}],"author":[{"embeddable":true,"href":"https:\/\/encuentroinformativo.com.mx\/index.php?rest_route=\/wp\/v2\/users\/1"}],"replies":[{"embeddable":true,"href":"https:\/\/encuentroinformativo.com.mx\/index.php?rest_route=%2Fwp%2Fv2%2Fcomments&post=33956"}],"version-history":[{"count":1,"href":"https:\/\/encuentroinformativo.com.mx\/index.php?rest_route=\/wp\/v2\/posts\/33956\/revisions"}],"predecessor-version":[{"id":33957,"href":"https:\/\/encuentroinformativo.com.mx\/index.php?rest_route=\/wp\/v2\/posts\/33956\/revisions\/33957"}],"wp:featuredmedia":[{"embeddable":true,"href":"https:\/\/encuentroinformativo.com.mx\/index.php?rest_route=\/wp\/v2\/media\/488"}],"wp:attachment":[{"href":"https:\/\/encuentroinformativo.com.mx\/index.php?rest_route=%2Fwp%2Fv2%2Fmedia&parent=33956"}],"wp:term":[{"taxonomy":"category","embeddable":true,"href":"https:\/\/encuentroinformativo.com.mx\/index.php?rest_route=%2Fwp%2Fv2%2Fcategories&post=33956"},{"taxonomy":"post_tag","embeddable":true,"href":"https:\/\/encuentroinformativo.com.mx\/index.php?rest_route=%2Fwp%2Fv2%2Ftags&post=33956"}],"curies":[{"name":"wp","href":"https:\/\/api.w.org\/{rel}","templated":true}]}}