{"id":33961,"date":"2022-11-29T13:29:48","date_gmt":"2022-11-29T19:29:48","guid":{"rendered":"https:\/\/encuentroinformativo.com.mx\/?p=33961"},"modified":"2022-11-29T13:29:52","modified_gmt":"2022-11-29T19:29:52","slug":"sin-danos-mayores-por-incendio-en-la-tecnica-3-sev","status":"publish","type":"post","link":"https:\/\/encuentroinformativo.com.mx\/?p=33961","title":{"rendered":"Sin da\u00f1os mayores por incendio en la T\u00e9cnica 3: SEV"},"content":{"rendered":"\n<p><strong>Juan Arcos<\/strong><\/p>\n\n\n\n<p>Xalapa, Ver.- Un incendio se registr\u00f3 la ma\u00f1ana de este martes en la escuela Secundaria T\u00e9cnica Industrial n\u00famero 3, en esta ciudad de Xalapa.<\/p>\n\n\n\n<p>Los hechos ocurrieron alrededor de las diez de la ma\u00f1ana al interior de este plantel, ubicado sobre la avenida Manuel \u00c1vila Camacho esquina con la calle San Roque, en la zona centro de la capital del estado.<\/p>\n\n\n\n<p>Al sitio arribaron elementos de la Secretar\u00eda de Seguridad P\u00fablica (SSP) y personal de Protecci\u00f3n Civil para atender un reporte realizado al n\u00famero de emergencias 911.<\/p>\n\n\n\n<p>Los estudiantes fueron desalojados de las aulas y ubicados sobre las canchas, mientras los rescatistas llevaban a cabo las revisiones para conocer la magnitud del problema.<\/p>\n\n\n\n<p>Los profesores tambi\u00e9n dieron a conocer a las madres y padres de familia el incidente hab\u00eda sido atendido por las autoridades para regresar a las aulas y concluir la jornada laboral de manera normal.<\/p>\n\n\n\n<p>Personalmente arrib\u00f3 el titular de la Secretar\u00eda de Educaci\u00f3n de Veracruz (SEV), Zenyazen Escobar Garc\u00eda, para dar seguimiento al caso.<\/p>\n\n\n\n<p>El funcionario estatal indic\u00f3 que el incendio se registr\u00f3 en una bodega para la reparaci\u00f3n de pupitres, donde dejaron conectada una m\u00e1quina y eso gener\u00f3 un corto circuito.<\/p>\n\n\n\n<p>El personal de protecci\u00f3n civil de la escuela us\u00f3 extintores y liquid\u00f3 el incendio, por lo que la pr\u00f3xima semana ser\u00e1n premiados por la SEV los ocho trabajadores que participaron en estas acciones.<\/p>\n\n\n\n<p>\u201cDe manera muy r\u00e1pida mitigaron el incendio, les vamos a dar un reconocimiento en la secretar\u00eda a estas personas. Los alumnos se pusieron inquietos pero no pas\u00f3 a mayores, no fue grave lo que se quem\u00f3 pero haremos las reparaciones\u201d, enfatiz\u00f3.<\/p>\n","protected":false},"excerpt":{"rendered":"<p>Juan Arcos Xalapa, Ver.- Un incendio se registr\u00f3 la ma\u00f1ana de este martes en la escuela Secundaria T\u00e9cnica Industrial n\u00famero 3, en esta ciudad de Xalapa. Los hechos ocurrieron alrededor de las diez de la ma\u00f1ana al interior de este plantel, ubicado sobre la avenida Manuel \u00c1vila Camacho esquina con la calle San Roque, en [&hellip;]<\/p>\n","protected":false},"author":1,"featured_media":33963,"comment_status":"open","ping_status":"open","sticky":false,"template":"","format":"standard","meta":{"_jetpack_memberships_contains_paid_content":false,"footnotes":""},"categories":[3],"tags":[],"class_list":["post-33961","post","type-post","status-publish","format-standard","has-post-thumbnail","hentry","category-xalapa"],"jetpack_featured_media_url":"https:\/\/encuentroinformativo.com.mx\/wp-content\/uploads\/2022\/11\/C25E23C9-9EF7-405F-941E-C2A2891159D5.jpeg","jetpack_sharing_enabled":true,"jetpack_likes_enabled":true,"amp_enabled":true,"_links":{"self":[{"href":"https:\/\/encuentroinformativo.com.mx\/index.php?rest_route=\/wp\/v2\/posts\/33961","targetHints":{"allow":["GET"]}}],"collection":[{"href":"https:\/\/encuentroinformativo.com.mx\/index.php?rest_route=\/wp\/v2\/posts"}],"about":[{"href":"https:\/\/encuentroinformativo.com.mx\/index.php?rest_route=\/wp\/v2\/types\/post"}],"author":[{"embeddable":true,"href":"https:\/\/encuentroinformativo.com.mx\/index.php?rest_route=\/wp\/v2\/users\/1"}],"replies":[{"embeddable":true,"href":"https:\/\/encuentroinformativo.com.mx\/index.php?rest_route=%2Fwp%2Fv2%2Fcomments&post=33961"}],"version-history":[{"count":1,"href":"https:\/\/encuentroinformativo.com.mx\/index.php?rest_route=\/wp\/v2\/posts\/33961\/revisions"}],"predecessor-version":[{"id":33964,"href":"https:\/\/encuentroinformativo.com.mx\/index.php?rest_route=\/wp\/v2\/posts\/33961\/revisions\/33964"}],"wp:featuredmedia":[{"embeddable":true,"href":"https:\/\/encuentroinformativo.com.mx\/index.php?rest_route=\/wp\/v2\/media\/33963"}],"wp:attachment":[{"href":"https:\/\/encuentroinformativo.com.mx\/index.php?rest_route=%2Fwp%2Fv2%2Fmedia&parent=33961"}],"wp:term":[{"taxonomy":"category","embeddable":true,"href":"https:\/\/encuentroinformativo.com.mx\/index.php?rest_route=%2Fwp%2Fv2%2Fcategories&post=33961"},{"taxonomy":"post_tag","embeddable":true,"href":"https:\/\/encuentroinformativo.com.mx\/index.php?rest_route=%2Fwp%2Fv2%2Ftags&post=33961"}],"curies":[{"name":"wp","href":"https:\/\/api.w.org\/{rel}","templated":true}]}}