{"id":33971,"date":"2022-11-29T17:31:30","date_gmt":"2022-11-29T23:31:30","guid":{"rendered":"https:\/\/encuentroinformativo.com.mx\/?p=33971"},"modified":"2022-11-29T17:31:33","modified_gmt":"2022-11-29T23:31:33","slug":"participacion-en-marcha-fue-voluntaria-segun-zepeta","status":"publish","type":"post","link":"https:\/\/encuentroinformativo.com.mx\/?p=33971","title":{"rendered":"Participaci\u00f3n en marcha fue voluntaria, seg\u00fan Zepeta"},"content":{"rendered":"\n<p><strong>Dar\u00edo Pale<\/strong><\/p>\n\n\n\n<p>Xalapa, Ver.- Si alg\u00fan ciudadano fue obligado a acudir a la marcha convocada por el presidente Andr\u00e9s Manuel L\u00f3pez Obrador, debe acudir a denunciar ante las autoridades correspondientes, no deben tener temor de perder su empleo, as\u00ed lo se\u00f1al\u00f3 el dirigente estatal de Morena, Esteban Ram\u00edrez Zepeta.<\/p>\n\n\n\n<p>En entrevista se\u00f1al\u00f3 que, &#8220;si alg\u00fan ciudadano o ciudadana como lo ha expresado el Gobernador, est\u00e1 en todo su derecho y que vaya a las instancias correspondientes&#8230; no s\u00e9 por qu\u00e9 pueda poner en riesgo (su trabajo), no creo que pongan en riesgo su trabajo&#8221;.<\/p>\n\n\n\n<p>En ese sentido, dijo que de lo que tiene conocimiento es que no se oblig\u00f3 a nadie a acudir a la marcha, neg\u00f3 que se haya obligado a los trabajadores del Estado a pagar 400 pesos cada uno para la cooperacha de alimentos y transporte.<\/p>\n\n\n\n<p>Sostuvo que cuando no eran gobierno se organizaban para apoyar al Presidente como en 2012 o 2013, cuando \u00e9l era estudiante tambi\u00e9n apoyaba, lo hac\u00edan de manera voluntaria.<\/p>\n\n\n\n<p>Dijo que est\u00e1 contento del respaldo de los veracruzanos el domingo 27 de noviembre e insisti\u00f3 en que siempre se han organizado bien.<\/p>\n\n\n\n<p>&#8220;La cooperaci\u00f3n se ha realizado siempre cuando hemos ido a apoyar al Presidente, \u00a0si alg\u00fan ciudadano o ciudadana tiene algo que denunciar, est\u00e1 en todo su derecho y que acuda ante las autoridades correspondientes&#8221;, coment\u00f3.<\/p>\n\n\n\n<p>Confirm\u00f3 que habr\u00edan acudido m\u00e1s de 20 mil veracruzanos y, opin\u00f3, el beneficio de ese tipo de movilizaciones es para que se den cuenta que el pueblo est\u00e1 consciente y a favor de las propuestas del mandatario federal y que lo apoyan.<\/p>\n\n\n\n<p>Finalmente se\u00f1al\u00f3 que, &#8220;no se hizo esta marcha para contrapuntear las marchas (como la del INE), ni se midieron fuerzas&#8221;.<\/p>\n","protected":false},"excerpt":{"rendered":"<p>Dar\u00edo Pale Xalapa, Ver.- Si alg\u00fan ciudadano fue obligado a acudir a la marcha convocada por el presidente Andr\u00e9s Manuel L\u00f3pez Obrador, debe acudir a denunciar ante las autoridades correspondientes, no deben tener temor de perder su empleo, as\u00ed lo se\u00f1al\u00f3 el dirigente estatal de Morena, Esteban Ram\u00edrez Zepeta. En entrevista se\u00f1al\u00f3 que, &#8220;si alg\u00fan [&hellip;]<\/p>\n","protected":false},"author":1,"featured_media":33972,"comment_status":"open","ping_status":"open","sticky":false,"template":"","format":"standard","meta":{"_jetpack_memberships_contains_paid_content":false,"footnotes":""},"categories":[2],"tags":[],"class_list":["post-33971","post","type-post","status-publish","format-standard","has-post-thumbnail","hentry","category-estado"],"jetpack_featured_media_url":"https:\/\/encuentroinformativo.com.mx\/wp-content\/uploads\/2022\/11\/162C2E71-F874-4882-B276-19A3F5F442B4.jpeg","jetpack_sharing_enabled":true,"jetpack_likes_enabled":true,"amp_enabled":true,"_links":{"self":[{"href":"https:\/\/encuentroinformativo.com.mx\/index.php?rest_route=\/wp\/v2\/posts\/33971","targetHints":{"allow":["GET"]}}],"collection":[{"href":"https:\/\/encuentroinformativo.com.mx\/index.php?rest_route=\/wp\/v2\/posts"}],"about":[{"href":"https:\/\/encuentroinformativo.com.mx\/index.php?rest_route=\/wp\/v2\/types\/post"}],"author":[{"embeddable":true,"href":"https:\/\/encuentroinformativo.com.mx\/index.php?rest_route=\/wp\/v2\/users\/1"}],"replies":[{"embeddable":true,"href":"https:\/\/encuentroinformativo.com.mx\/index.php?rest_route=%2Fwp%2Fv2%2Fcomments&post=33971"}],"version-history":[{"count":1,"href":"https:\/\/encuentroinformativo.com.mx\/index.php?rest_route=\/wp\/v2\/posts\/33971\/revisions"}],"predecessor-version":[{"id":33973,"href":"https:\/\/encuentroinformativo.com.mx\/index.php?rest_route=\/wp\/v2\/posts\/33971\/revisions\/33973"}],"wp:featuredmedia":[{"embeddable":true,"href":"https:\/\/encuentroinformativo.com.mx\/index.php?rest_route=\/wp\/v2\/media\/33972"}],"wp:attachment":[{"href":"https:\/\/encuentroinformativo.com.mx\/index.php?rest_route=%2Fwp%2Fv2%2Fmedia&parent=33971"}],"wp:term":[{"taxonomy":"category","embeddable":true,"href":"https:\/\/encuentroinformativo.com.mx\/index.php?rest_route=%2Fwp%2Fv2%2Fcategories&post=33971"},{"taxonomy":"post_tag","embeddable":true,"href":"https:\/\/encuentroinformativo.com.mx\/index.php?rest_route=%2Fwp%2Fv2%2Ftags&post=33971"}],"curies":[{"name":"wp","href":"https:\/\/api.w.org\/{rel}","templated":true}]}}