{"id":33988,"date":"2022-11-30T13:38:25","date_gmt":"2022-11-30T19:38:25","guid":{"rendered":"https:\/\/encuentroinformativo.com.mx\/?p=33988"},"modified":"2022-11-30T13:38:29","modified_gmt":"2022-11-30T19:38:29","slug":"protestan-en-la-sev-reclaman-cumplir-pliegos-petitorios","status":"publish","type":"post","link":"https:\/\/encuentroinformativo.com.mx\/?p=33988","title":{"rendered":"Protestan en la SEV, reclaman cumplir pliegos petitorios"},"content":{"rendered":"\n<p><strong>Juan Arcos <\/strong><\/p>\n\n\n\n<p>Xalapa, Ver.- Un grupo de docentes protest\u00f3 y tom\u00f3 las oficinas centrales de la Secretar\u00eda de Educaci\u00f3n de Veracruz (SEV) para exigir cambios de adscripci\u00f3n y que las autoridades educativas respeten los acuerdos sindicales.<\/p>\n\n\n\n<p>Se trata de integrantes del Sindicato Veracruzano de Trabajadores del Sector Educativo (Sivetse), quienes bloquearon los accesos a esta dependencia estatal, ubicada sobre la carretera Xalapa-Veracruz.<\/p>\n\n\n\n<p>La ma\u00f1ana de este mi\u00e9rcoles 30 de noviembre los quejosos colgaron lonas y pancartas sobre la reja perimetral, en busca de una audiencia con las autoridades.<\/p>\n\n\n\n<p>De acuerdo con el secretario general del Sivetse, Daneskiu Dom\u00ednguez Mel\u00e9ndez, se requiere la presencia de las autoridades para que conozcan las problem\u00e1ticas que enfrenta esta organizaci\u00f3n sindical.<\/p>\n\n\n\n<p>El entrevistado coment\u00f3 que se ha incumplido el pliego petitorio pactado en reuniones anteriores con personal de la Oficial\u00eda Mayor.<\/p>\n\n\n\n<p>\u201cEs para ver toda la problem\u00e1tica que tiene con nuestro gremio, con los cambios de adscripci\u00f3n, y por el maltrato por parte de autoridades de la parte federal\u201d, expres\u00f3.<\/p>\n\n\n\n<p>Los inconformes amagaron con mantener la toma de instalaciones hasta que sean recibidos por las autoridades educativas.<\/p>\n\n\n\n<p>\u201cNo vamos a soltar hasta que nos est\u00e9n dando unos avances de lo que estamos exigiendo. Ser\u00eda con Oficial\u00eda Mayor, que ellos podr\u00edan dar soluciones\u201d, enfatiz\u00f3 Dom\u00ednguez Mel\u00e9ndez.<\/p>\n","protected":false},"excerpt":{"rendered":"<p>Juan Arcos Xalapa, Ver.- Un grupo de docentes protest\u00f3 y tom\u00f3 las oficinas centrales de la Secretar\u00eda de Educaci\u00f3n de Veracruz (SEV) para exigir cambios de adscripci\u00f3n y que las autoridades educativas respeten los acuerdos sindicales. Se trata de integrantes del Sindicato Veracruzano de Trabajadores del Sector Educativo (Sivetse), quienes bloquearon los accesos a esta [&hellip;]<\/p>\n","protected":false},"author":1,"featured_media":33989,"comment_status":"open","ping_status":"open","sticky":false,"template":"","format":"standard","meta":{"_jetpack_memberships_contains_paid_content":false,"footnotes":""},"categories":[3],"tags":[],"class_list":["post-33988","post","type-post","status-publish","format-standard","has-post-thumbnail","hentry","category-xalapa"],"jetpack_featured_media_url":"https:\/\/encuentroinformativo.com.mx\/wp-content\/uploads\/2022\/11\/12D0602D-D002-499E-A527-4BAF8FF1B48F.jpeg","jetpack_sharing_enabled":true,"jetpack_likes_enabled":true,"amp_enabled":true,"_links":{"self":[{"href":"https:\/\/encuentroinformativo.com.mx\/index.php?rest_route=\/wp\/v2\/posts\/33988","targetHints":{"allow":["GET"]}}],"collection":[{"href":"https:\/\/encuentroinformativo.com.mx\/index.php?rest_route=\/wp\/v2\/posts"}],"about":[{"href":"https:\/\/encuentroinformativo.com.mx\/index.php?rest_route=\/wp\/v2\/types\/post"}],"author":[{"embeddable":true,"href":"https:\/\/encuentroinformativo.com.mx\/index.php?rest_route=\/wp\/v2\/users\/1"}],"replies":[{"embeddable":true,"href":"https:\/\/encuentroinformativo.com.mx\/index.php?rest_route=%2Fwp%2Fv2%2Fcomments&post=33988"}],"version-history":[{"count":1,"href":"https:\/\/encuentroinformativo.com.mx\/index.php?rest_route=\/wp\/v2\/posts\/33988\/revisions"}],"predecessor-version":[{"id":33990,"href":"https:\/\/encuentroinformativo.com.mx\/index.php?rest_route=\/wp\/v2\/posts\/33988\/revisions\/33990"}],"wp:featuredmedia":[{"embeddable":true,"href":"https:\/\/encuentroinformativo.com.mx\/index.php?rest_route=\/wp\/v2\/media\/33989"}],"wp:attachment":[{"href":"https:\/\/encuentroinformativo.com.mx\/index.php?rest_route=%2Fwp%2Fv2%2Fmedia&parent=33988"}],"wp:term":[{"taxonomy":"category","embeddable":true,"href":"https:\/\/encuentroinformativo.com.mx\/index.php?rest_route=%2Fwp%2Fv2%2Fcategories&post=33988"},{"taxonomy":"post_tag","embeddable":true,"href":"https:\/\/encuentroinformativo.com.mx\/index.php?rest_route=%2Fwp%2Fv2%2Ftags&post=33988"}],"curies":[{"name":"wp","href":"https:\/\/api.w.org\/{rel}","templated":true}]}}