{"id":33997,"date":"2022-11-30T15:16:26","date_gmt":"2022-11-30T21:16:26","guid":{"rendered":"https:\/\/encuentroinformativo.com.mx\/?p=33997"},"modified":"2022-11-30T15:16:30","modified_gmt":"2022-11-30T21:16:30","slug":"convocan-a-campana-apadrina-un-osito","status":"publish","type":"post","link":"https:\/\/encuentroinformativo.com.mx\/?p=33997","title":{"rendered":"Convocan a campa\u00f1a \u201cApadrina un osito\u201d"},"content":{"rendered":"\n<p><strong>Dar\u00edo Pale <\/strong><\/p>\n\n\n\n<p>Xalapa, Ver.- <strong>Fundaci\u00f3n Lepach<\/strong> invita a la ciudadan\u00eda a sumarse a la campa\u00f1a &#8220;Apadrina un osito&#8221;, con la finalidad de recaudar fondos y que siete menores puedan realizarse su trasplante de m\u00e9dula, as\u00ed lo inform\u00f3 la presidenta de la fundaci\u00f3n Elia Mar\u00eda Beltr\u00e1n Coronel.<\/p>\n\n\n\n<p>En conferencia de prensa se\u00f1al\u00f3 que <strong>el objetivo es recaudar fondos para que a siete menores se les realice un trasplante de m\u00e9dula.<\/strong><\/p>\n\n\n\n<p>&#8220;Tiene doble beneficio, si apadrinas un osito, nosotros vamos a venderlos y con el recurso que exceda de la ganancia del costo del osito, vamos a fortalecer el fondo de trasplante de m\u00e9dula&#8221;, coment\u00f3.<\/p>\n\n\n\n<p>Destac\u00f3 que son el patronato del Centro de Cancerolog\u00eda (CECAN) desde el a\u00f1o 2005, &#8220;estamos trabajando en coordinaci\u00f3n con los hospitales donde se van los ni\u00f1os a hacer el trasplante y esta ser\u00eda la quinta ocasi\u00f3n que nosotros ponemos la Casa Puente&#8221;.<\/p>\n\n\n\n<p>Al respecto, explic\u00f3 que en dicha casa reciben a un ni\u00f1o que se hizo su trasplante el 6 de octubre, por lo que llamaron a la sociedad civil a que se sumen la venta de los ositos sea un \u00e9xito.<\/p>\n\n\n\n<p>&#8220;El que apadrina el oso es el que lo compra y se lo dona a un ni\u00f1o, el que lo dona va a llenar un certificado de nacimiento y se entregar\u00e1n el 6 de enero como regalo de Reyes para los ni\u00f1os del hospital&#8221;, se\u00f1al\u00f3.<\/p>\n\n\n\n<p>Adem\u00e1s, dijo que el que lo adopta, lo compra y se lo lleva a su casa, y es un recordatorio de que se est\u00e1 apoyando a los ni\u00f1os del CECAN, y la campa\u00f1a inicia este 30 de noviembre y termina el 6 de enero.<\/p>\n\n\n\n<p>El donativo del osito grande es de 500 pesos y el oso peque\u00f1o rezador es de 200 pesos.<\/p>\n\n\n\n<p>Finalmente dio a conocer que los interesados pueden acudir a la bodega Lepach, ubicada en Privada de Montesori No. 16, colonia Del Maestro, entre Am\u00e9ricas y La Rotonda. Harmon Hall tambi\u00e9n es un punto de venta, y a la campa\u00f1a se suma tambi\u00e9n el Club Star Wars Legi\u00f3n Xalapa.<\/p>\n","protected":false},"excerpt":{"rendered":"<p>Dar\u00edo Pale Xalapa, Ver.- Fundaci\u00f3n Lepach invita a la ciudadan\u00eda a sumarse a la campa\u00f1a &#8220;Apadrina un osito&#8221;, con la finalidad de recaudar fondos y que siete menores puedan realizarse su trasplante de m\u00e9dula, as\u00ed lo inform\u00f3 la presidenta de la fundaci\u00f3n Elia Mar\u00eda Beltr\u00e1n Coronel. En conferencia de prensa se\u00f1al\u00f3 que el objetivo es [&hellip;]<\/p>\n","protected":false},"author":1,"featured_media":33998,"comment_status":"open","ping_status":"open","sticky":false,"template":"","format":"standard","meta":{"_jetpack_memberships_contains_paid_content":false,"footnotes":""},"categories":[3],"tags":[],"class_list":["post-33997","post","type-post","status-publish","format-standard","has-post-thumbnail","hentry","category-xalapa"],"jetpack_featured_media_url":"https:\/\/encuentroinformativo.com.mx\/wp-content\/uploads\/2022\/11\/3167AFFC-F486-4234-A738-087A46BB987C.jpeg","jetpack_sharing_enabled":true,"jetpack_likes_enabled":true,"amp_enabled":true,"_links":{"self":[{"href":"https:\/\/encuentroinformativo.com.mx\/index.php?rest_route=\/wp\/v2\/posts\/33997","targetHints":{"allow":["GET"]}}],"collection":[{"href":"https:\/\/encuentroinformativo.com.mx\/index.php?rest_route=\/wp\/v2\/posts"}],"about":[{"href":"https:\/\/encuentroinformativo.com.mx\/index.php?rest_route=\/wp\/v2\/types\/post"}],"author":[{"embeddable":true,"href":"https:\/\/encuentroinformativo.com.mx\/index.php?rest_route=\/wp\/v2\/users\/1"}],"replies":[{"embeddable":true,"href":"https:\/\/encuentroinformativo.com.mx\/index.php?rest_route=%2Fwp%2Fv2%2Fcomments&post=33997"}],"version-history":[{"count":1,"href":"https:\/\/encuentroinformativo.com.mx\/index.php?rest_route=\/wp\/v2\/posts\/33997\/revisions"}],"predecessor-version":[{"id":33999,"href":"https:\/\/encuentroinformativo.com.mx\/index.php?rest_route=\/wp\/v2\/posts\/33997\/revisions\/33999"}],"wp:featuredmedia":[{"embeddable":true,"href":"https:\/\/encuentroinformativo.com.mx\/index.php?rest_route=\/wp\/v2\/media\/33998"}],"wp:attachment":[{"href":"https:\/\/encuentroinformativo.com.mx\/index.php?rest_route=%2Fwp%2Fv2%2Fmedia&parent=33997"}],"wp:term":[{"taxonomy":"category","embeddable":true,"href":"https:\/\/encuentroinformativo.com.mx\/index.php?rest_route=%2Fwp%2Fv2%2Fcategories&post=33997"},{"taxonomy":"post_tag","embeddable":true,"href":"https:\/\/encuentroinformativo.com.mx\/index.php?rest_route=%2Fwp%2Fv2%2Ftags&post=33997"}],"curies":[{"name":"wp","href":"https:\/\/api.w.org\/{rel}","templated":true}]}}