{"id":34002,"date":"2022-12-01T10:15:32","date_gmt":"2022-12-01T16:15:32","guid":{"rendered":"https:\/\/encuentroinformativo.com.mx\/?p=34002"},"modified":"2022-12-01T10:15:35","modified_gmt":"2022-12-01T16:15:35","slug":"defensa-de-los-derechos-de-las-mujeres-en-veracruz-es-prioridad-legislativa","status":"publish","type":"post","link":"https:\/\/encuentroinformativo.com.mx\/?p=34002","title":{"rendered":"Defensa de los derechos de las mujeres en Veracruz es prioridad legislativa"},"content":{"rendered":"\n<p><\/p>\n\n\n\n<p><strong>Alejandro \u00c1vila<\/strong><\/p>\n\n\n\n<p>Veracruz, Ver.- A un a\u00f1o de haber tomado su curul en el Congreso de Veracruz, la diputada Ver\u00f3nica Pulido Herrera destac\u00f3 durante su primer informe de labores que, la defensa de los derechos de las mujeres en la entidad veracruzana es una prioridad legislativa.<\/p>\n\n\n\n<p>En evento realizado la tarde de este mi\u00e9rcoles en el Club de Leones de Veracruz, d\u00f3nde acudieron como invitados especiales los alcaldes de Veracruz, Patricia Lobeira Rodr\u00edguez, y de Boca del R\u00edo, Juan Manuel Unanue Abascal; la panista afirm\u00f3 que durante su trabajo legislativo act\u00fao en congruencia con sus principios y la plataforma pol\u00edtica que representa.<\/p>\n\n\n\n<p>&#8220;Sin someterme a presiones medi\u00e1ticas y sin importar filiaci\u00f3n partidista de las propuestas\u201d; expres\u00f3, adem\u00e1s, que en base a esos principios una de las tareas primordiales en su quehacer legislativo en este primer a\u00f1o ha sido el respeto a la equidad de g\u00e9nero de las mujeres.&nbsp;<\/p>\n\n\n\n<p>La equidad de g\u00e9nero y el respeto de los derechos de las mujeres es un compromiso de vida, subray\u00f3.<\/p>\n\n\n\n<p>En la lectura de su informe de actividades, Ver\u00f3nica Pulido Herrera record\u00f3 que fue la primera legisladora en subir a tribuna para pronunciarse en contra de la violencia de las mujeres y las ni\u00f1as.<\/p>\n\n\n\n<p>Inform\u00f3 que en esa sesi\u00f3n hizo un llamado para erradicar la estigmatizaci\u00f3n de las v\u00edctimas, tema que ha insistido en sesiones posteriores para generar pol\u00edticas p\u00fablicas para la erradicaci\u00f3n de ese flagelo.<\/p>\n\n\n\n<p>En ese sentido, reiter\u00f3 que en las sesiones ha insistido que Veracruz ocupa los primeros lugares en feminicidio, secuestro y extorsi\u00f3n, por lo que consider\u00f3 que el derecho de las mujeres veracruzanas est\u00e1 severamente comprometido.<\/p>\n\n\n\n<p>Incluso inform\u00f3 que en tribuna denunci\u00f3 que Veracruz cuenta con dos declaratorias de alerta de violencia de g\u00e9nero contra las mujeres, acciones recomendadas que no se concretan, por lo que propuso un acompa\u00f1amiento especializado de las autoridades responsables en 11 municipios urbanos y 47 con poblaci\u00f3n ind\u00edgena para aplicar todas las medidas de seguridad, protecci\u00f3n y reparaci\u00f3n del da\u00f1o que se\u00f1ala la Conavim.<\/p>\n\n\n\n<p>Pulido Herrera igualmente inform\u00f3 que en julio present\u00f3 una reforma al C\u00f3digo Penal, con el objetivo de combatir los ataques con sustancias qu\u00edmicas contra mujeres, il\u00edcito con efectos permanentes y que impactan la integridad f\u00edsica y estructura psicolog\u00eda de las mujeres, destruyendo su proyecto de vida.&nbsp;<\/p>\n\n\n\n<p>Otras iniciativas importantes que impuls\u00f3 en su trabajo legislativo junto con sus compa\u00f1eras diputadas fue el exhorto a atender a las mujeres del entorno rural, apoyar a las madres jefas de familia, mejorar la atenci\u00f3n a pacientes con c\u00e1ncer cervicouterino, mejorar la atenci\u00f3n de la mujer a nivel municipal y procurar la seguridad de las mismas, as\u00ed como castigar las redes de apoyo a los feminicidas, como es el caso de la Ley Monse.<\/p>\n","protected":false},"excerpt":{"rendered":"<p>Alejandro \u00c1vila Veracruz, Ver.- A un a\u00f1o de haber tomado su curul en el Congreso de Veracruz, la diputada Ver\u00f3nica Pulido Herrera destac\u00f3 durante su primer informe de labores que, la defensa de los derechos de las mujeres en la entidad veracruzana es una prioridad legislativa. En evento realizado la tarde de este mi\u00e9rcoles en [&hellip;]<\/p>\n","protected":false},"author":1,"featured_media":34003,"comment_status":"open","ping_status":"open","sticky":false,"template":"","format":"standard","meta":{"_jetpack_memberships_contains_paid_content":false,"footnotes":""},"categories":[2],"tags":[],"class_list":["post-34002","post","type-post","status-publish","format-standard","has-post-thumbnail","hentry","category-estado"],"jetpack_featured_media_url":"https:\/\/encuentroinformativo.com.mx\/wp-content\/uploads\/2022\/12\/CB35079B-CB8D-42AA-89E1-591992F8FEC1.jpeg","jetpack_sharing_enabled":true,"jetpack_likes_enabled":true,"amp_enabled":true,"_links":{"self":[{"href":"https:\/\/encuentroinformativo.com.mx\/index.php?rest_route=\/wp\/v2\/posts\/34002","targetHints":{"allow":["GET"]}}],"collection":[{"href":"https:\/\/encuentroinformativo.com.mx\/index.php?rest_route=\/wp\/v2\/posts"}],"about":[{"href":"https:\/\/encuentroinformativo.com.mx\/index.php?rest_route=\/wp\/v2\/types\/post"}],"author":[{"embeddable":true,"href":"https:\/\/encuentroinformativo.com.mx\/index.php?rest_route=\/wp\/v2\/users\/1"}],"replies":[{"embeddable":true,"href":"https:\/\/encuentroinformativo.com.mx\/index.php?rest_route=%2Fwp%2Fv2%2Fcomments&post=34002"}],"version-history":[{"count":1,"href":"https:\/\/encuentroinformativo.com.mx\/index.php?rest_route=\/wp\/v2\/posts\/34002\/revisions"}],"predecessor-version":[{"id":34004,"href":"https:\/\/encuentroinformativo.com.mx\/index.php?rest_route=\/wp\/v2\/posts\/34002\/revisions\/34004"}],"wp:featuredmedia":[{"embeddable":true,"href":"https:\/\/encuentroinformativo.com.mx\/index.php?rest_route=\/wp\/v2\/media\/34003"}],"wp:attachment":[{"href":"https:\/\/encuentroinformativo.com.mx\/index.php?rest_route=%2Fwp%2Fv2%2Fmedia&parent=34002"}],"wp:term":[{"taxonomy":"category","embeddable":true,"href":"https:\/\/encuentroinformativo.com.mx\/index.php?rest_route=%2Fwp%2Fv2%2Fcategories&post=34002"},{"taxonomy":"post_tag","embeddable":true,"href":"https:\/\/encuentroinformativo.com.mx\/index.php?rest_route=%2Fwp%2Fv2%2Ftags&post=34002"}],"curies":[{"name":"wp","href":"https:\/\/api.w.org\/{rel}","templated":true}]}}