{"id":34008,"date":"2022-12-01T10:28:44","date_gmt":"2022-12-01T16:28:44","guid":{"rendered":"https:\/\/encuentroinformativo.com.mx\/?p=34008"},"modified":"2022-12-01T10:28:48","modified_gmt":"2022-12-01T16:28:48","slug":"con-trabajo-y-cercania-en-boca-del-rio-se-reactiva-el-turismo-alcalde-jm-unanue","status":"publish","type":"post","link":"https:\/\/encuentroinformativo.com.mx\/?p=34008","title":{"rendered":"Con Trabajo y Cercan\u00eda, en Boca del R\u00edo se reactiva el turismo: Alcalde JM Un\u00e1nue"},"content":{"rendered":"\n<p><strong>*<em>Gracias a esta reactivaci\u00f3n, se tuvo la mayor ocupaci\u00f3n hotelera del Estado, atrayendo a miles de visitantes locales, nacionales y extranjeros<\/em>.<\/strong><\/p>\n\n\n\n<p>Boca del R\u00edo, Ver.- Boca del R\u00edo, es el municipio con la mejor recuperaci\u00f3n tur\u00edstica del Estado, esto gracias a m\u00e1s de 150 eventos como congresos, festivales, competencias deportivas, filmaciones y ferias.<\/p>\n\n\n\n<p>Previo al Primer Informe de Gobierno, el Alcalde de Boca del R\u00edo, Juan Manuel Un\u00e1nue Abascal, dijo que gracias al trabajo coordinado entre las diferentes direcciones y \u00e1reas del Ayuntamiento, miles de visitantes locales, nacionales e internacionales, encontraron una ciudad m\u00e1s limpia y ordenada.<\/p>\n\n\n\n<p>\u201cLo que hemos hecho como ayuntamiento, no solo es dar acompa\u00f1amiento, sino ser facilitador con los emprendedores, empresarios, pero adem\u00e1s, buscar oportunidades para todos los sectores\u201d, lo que ha generado las condiciones \u00f3ptimas para la reactivaci\u00f3n y crecimiento del turismo.<\/p>\n\n\n\n<p>Al ser el sector tur\u00edstico uno de los pilares de la econom\u00eda boque\u00f1a, todo el municipio y sus habitantes, se han visto beneficiados al crear mayores condiciones y estabilidad para el desarrollo de infraestructura y empleos, contando con la mayor ocupaci\u00f3n hotelera del Estado, lo que implica una gran derrama econ\u00f3mica para el municipio.<\/p>\n\n\n\n<p>Por ello, el Gobierno Municipal de Boca del R\u00edo, desde el primer d\u00eda de funciones, ha puesto en marcha diversas acciones, que han acelerado la recuperaci\u00f3n de la zona tur\u00edstica que recibe a miles de visitantes al a\u00f1o, con un equipamiento apto, limpio y en buenas condiciones.<\/p>\n\n\n\n<p>De la mano entre el Ayuntamiento de Boca del R\u00edo y el Sector Privado, adem\u00e1s de la coordinaci\u00f3n con autoridades Estatales y Federales, se logr\u00f3 retomar las actividades que no se realizaban despu\u00e9s de dos a\u00f1os de pandemia.<\/p>\n\n\n\n<p>Tal es el caso del Salsa Fest 2022, que en su regreso al \u201cSals\u00f3dromo\u201d en el bulevar Vicente Fox, aglutin\u00f3 a m\u00e1s de 340 mil asistentes, dejando una fuerte derrama econ\u00f3mica en la cabecera municipal y sus alrededores.<\/p>\n\n\n\n<p>Del 25 al 31 de julio volvieron las tradicionales Fiestas de Santa Ana 2022, sin duda la festividad m\u00e1s importante de las boque\u00f1as y boque\u00f1os, quienes con su anfitrion\u00eda recibieron al turismo nacional e internacional.<\/p>\n\n\n\n<p>Con la apertura y la nueva normalidad, tambi\u00e9n regresaron los conciertos, as\u00ed como la actividad nocturna, favoreciendo al sector restaurantero, hotelero y plazas comerciales, quienes continuamente han reportado negocios llenos.<\/p>\n\n\n\n<p>Con Trabajo y Cercan\u00eda, el Alcalde Juan Manuel Un\u00e1nue Abascal, presentar\u00e1 su Primer Informe de Gobierno, este lunes 5 de diciembre, en punto de las 18 horas en el World Trade Center de Boca del R\u00edo.<\/p>\n","protected":false},"excerpt":{"rendered":"<p>*Gracias a esta reactivaci\u00f3n, se tuvo la mayor ocupaci\u00f3n hotelera del Estado, atrayendo a miles de visitantes locales, nacionales y extranjeros. Boca del R\u00edo, Ver.- Boca del R\u00edo, es el municipio con la mejor recuperaci\u00f3n tur\u00edstica del Estado, esto gracias a m\u00e1s de 150 eventos como congresos, festivales, competencias deportivas, filmaciones y ferias. Previo al [&hellip;]<\/p>\n","protected":false},"author":1,"featured_media":34007,"comment_status":"open","ping_status":"open","sticky":false,"template":"","format":"standard","meta":{"_jetpack_memberships_contains_paid_content":false,"footnotes":""},"categories":[2],"tags":[],"class_list":["post-34008","post","type-post","status-publish","format-standard","has-post-thumbnail","hentry","category-estado"],"jetpack_featured_media_url":"https:\/\/encuentroinformativo.com.mx\/wp-content\/uploads\/2022\/12\/885E8944-7CC1-4220-96D7-2C2D1854E453.jpeg","jetpack_sharing_enabled":true,"jetpack_likes_enabled":true,"amp_enabled":true,"_links":{"self":[{"href":"https:\/\/encuentroinformativo.com.mx\/index.php?rest_route=\/wp\/v2\/posts\/34008","targetHints":{"allow":["GET"]}}],"collection":[{"href":"https:\/\/encuentroinformativo.com.mx\/index.php?rest_route=\/wp\/v2\/posts"}],"about":[{"href":"https:\/\/encuentroinformativo.com.mx\/index.php?rest_route=\/wp\/v2\/types\/post"}],"author":[{"embeddable":true,"href":"https:\/\/encuentroinformativo.com.mx\/index.php?rest_route=\/wp\/v2\/users\/1"}],"replies":[{"embeddable":true,"href":"https:\/\/encuentroinformativo.com.mx\/index.php?rest_route=%2Fwp%2Fv2%2Fcomments&post=34008"}],"version-history":[{"count":1,"href":"https:\/\/encuentroinformativo.com.mx\/index.php?rest_route=\/wp\/v2\/posts\/34008\/revisions"}],"predecessor-version":[{"id":34009,"href":"https:\/\/encuentroinformativo.com.mx\/index.php?rest_route=\/wp\/v2\/posts\/34008\/revisions\/34009"}],"wp:featuredmedia":[{"embeddable":true,"href":"https:\/\/encuentroinformativo.com.mx\/index.php?rest_route=\/wp\/v2\/media\/34007"}],"wp:attachment":[{"href":"https:\/\/encuentroinformativo.com.mx\/index.php?rest_route=%2Fwp%2Fv2%2Fmedia&parent=34008"}],"wp:term":[{"taxonomy":"category","embeddable":true,"href":"https:\/\/encuentroinformativo.com.mx\/index.php?rest_route=%2Fwp%2Fv2%2Fcategories&post=34008"},{"taxonomy":"post_tag","embeddable":true,"href":"https:\/\/encuentroinformativo.com.mx\/index.php?rest_route=%2Fwp%2Fv2%2Ftags&post=34008"}],"curies":[{"name":"wp","href":"https:\/\/api.w.org\/{rel}","templated":true}]}}