{"id":34015,"date":"2022-12-01T14:18:10","date_gmt":"2022-12-01T20:18:10","guid":{"rendered":"https:\/\/encuentroinformativo.com.mx\/?p=34015"},"modified":"2022-12-01T14:18:14","modified_gmt":"2022-12-01T20:18:14","slug":"alcalde-de-las-vigas-acusa-campana-de-desprestigio","status":"publish","type":"post","link":"https:\/\/encuentroinformativo.com.mx\/?p=34015","title":{"rendered":"Alcalde de Las Vigas, acusa campa\u00f1a de desprestigio"},"content":{"rendered":"\n<p><strong>Dar\u00edo Pale<\/strong><\/p>\n\n\n\n<p>Xalapa, Ver.- El presidente municipal de Las Vigas, Jos\u00e9 de Jes\u00fas Landa Hern\u00e1ndez dio a conocer que hay una campa\u00f1a de desprestigio en su contra, pero cuenta con toda la documentaci\u00f3n correspondiente.<\/p>\n\n\n\n<p>En conferencia de prensa se\u00f1al\u00f3 que, despu\u00e9s de los se\u00f1alamientos de la s\u00edndica Bertha Margarita Espinoza C\u00f3rdova y el regidor Lucio Dom\u00ednguez Landa donde acusan presuntas irregularidades de la administraci\u00f3n municipal, se\u00f1al\u00f3 que se trata de una campa\u00f1a de desprestigio.<\/p>\n\n\n\n<p>&#8220;Se ha venido dando una campa\u00f1a de desprestigio a nuestra administraci\u00f3n desde que inici\u00f3, por parte de los ediles, familiares y dem\u00e1s personas&#8221;, coment\u00f3.<\/p>\n\n\n\n<p>Dio a conocer que ellos cuentan con todas las evidencias de que act\u00faan conforme a la ley, &#8220;no se est\u00e1 generando con opacidad como ellos lo mencionan en estos videos, los procesos de licitaci\u00f3n en la parte de las obras se est\u00e1n llevando como se deben de llevar&#8221;.<\/p>\n\n\n\n<p>Incluso, el edil se\u00f1al\u00f3 que la s\u00edndica ha estado presente en el \u00e1rea de Obras P\u00fablicas cuando se han firmado contratos y se le ha invitado a las visitas de obra cuando se hacen estas licitaciones.<\/p>\n\n\n\n<p>&#8220;Tenemos los contratos que se est\u00e1n generando, no se ha realizado ning\u00fan pago si no tenemos primero un contrato, posteriormente se hace una estimaci\u00f3n y es cuando se hacen los pagos&#8221;, se\u00f1al\u00f3.<\/p>\n\n\n\n<p>Landa Hern\u00e1ndez dijo que dichos ediles se\u00f1alaban que algunas obras no eran prioritarias, pero \u00e9l dijo que s\u00ed lo son.<\/p>\n\n\n\n<p>\u201cEn realidad son prioritarias, uno de nuestros compromisos como autoridades municipales era cubrir la mayor\u00eda de las comunidades&#8221;, acus\u00f3.<\/p>\n\n\n\n<p>De manera que en este momento est\u00e1n cubriendo 8 de las 28 que integran el municipio, con obras de importancia y de relevancia.<\/p>\n\n\n\n<p>Con respecto a los despidos injustificados, el alcalde se\u00f1al\u00f3 que cuentan con los documentos de renuncia que presentaron los empleados por motivos personales.<\/p>\n\n\n\n<p>&#8220;En su caso se busca el perfil id\u00f3neo de las \u00e1reas medulares de nuestro Ayuntamiento, por eso, no tenemos ning\u00fan problema y ning\u00fan inconveniente&#8221;, dijo.<\/p>\n\n\n\n<p>Finalmente, el alcalde sostuvo que no hay desv\u00edo de recursos y que las obras se realizan porque son prioridades, adem\u00e1s de que al no hacerlas incurrir\u00edan en subejercicio.<\/p>\n","protected":false},"excerpt":{"rendered":"<p>Dar\u00edo Pale Xalapa, Ver.- El presidente municipal de Las Vigas, Jos\u00e9 de Jes\u00fas Landa Hern\u00e1ndez dio a conocer que hay una campa\u00f1a de desprestigio en su contra, pero cuenta con toda la documentaci\u00f3n correspondiente. En conferencia de prensa se\u00f1al\u00f3 que, despu\u00e9s de los se\u00f1alamientos de la s\u00edndica Bertha Margarita Espinoza C\u00f3rdova y el regidor Lucio [&hellip;]<\/p>\n","protected":false},"author":1,"featured_media":34016,"comment_status":"open","ping_status":"open","sticky":false,"template":"","format":"standard","meta":{"_jetpack_memberships_contains_paid_content":false,"footnotes":""},"categories":[8],"tags":[],"class_list":["post-34015","post","type-post","status-publish","format-standard","has-post-thumbnail","hentry","category-region"],"jetpack_featured_media_url":"https:\/\/encuentroinformativo.com.mx\/wp-content\/uploads\/2022\/12\/6FF78A72-84DC-4343-A626-5AFBD4BCD69B.jpeg","jetpack_sharing_enabled":true,"jetpack_likes_enabled":true,"amp_enabled":true,"_links":{"self":[{"href":"https:\/\/encuentroinformativo.com.mx\/index.php?rest_route=\/wp\/v2\/posts\/34015","targetHints":{"allow":["GET"]}}],"collection":[{"href":"https:\/\/encuentroinformativo.com.mx\/index.php?rest_route=\/wp\/v2\/posts"}],"about":[{"href":"https:\/\/encuentroinformativo.com.mx\/index.php?rest_route=\/wp\/v2\/types\/post"}],"author":[{"embeddable":true,"href":"https:\/\/encuentroinformativo.com.mx\/index.php?rest_route=\/wp\/v2\/users\/1"}],"replies":[{"embeddable":true,"href":"https:\/\/encuentroinformativo.com.mx\/index.php?rest_route=%2Fwp%2Fv2%2Fcomments&post=34015"}],"version-history":[{"count":1,"href":"https:\/\/encuentroinformativo.com.mx\/index.php?rest_route=\/wp\/v2\/posts\/34015\/revisions"}],"predecessor-version":[{"id":34017,"href":"https:\/\/encuentroinformativo.com.mx\/index.php?rest_route=\/wp\/v2\/posts\/34015\/revisions\/34017"}],"wp:featuredmedia":[{"embeddable":true,"href":"https:\/\/encuentroinformativo.com.mx\/index.php?rest_route=\/wp\/v2\/media\/34016"}],"wp:attachment":[{"href":"https:\/\/encuentroinformativo.com.mx\/index.php?rest_route=%2Fwp%2Fv2%2Fmedia&parent=34015"}],"wp:term":[{"taxonomy":"category","embeddable":true,"href":"https:\/\/encuentroinformativo.com.mx\/index.php?rest_route=%2Fwp%2Fv2%2Fcategories&post=34015"},{"taxonomy":"post_tag","embeddable":true,"href":"https:\/\/encuentroinformativo.com.mx\/index.php?rest_route=%2Fwp%2Fv2%2Ftags&post=34015"}],"curies":[{"name":"wp","href":"https:\/\/api.w.org\/{rel}","templated":true}]}}