{"id":3402,"date":"2020-06-16T16:52:48","date_gmt":"2020-06-16T21:52:48","guid":{"rendered":"https:\/\/encuentroinformativo.com\/?p=3402"},"modified":"2020-06-16T16:52:50","modified_gmt":"2020-06-16T21:52:50","slug":"minimiza-pt-protestas-contra-lopez-obrador","status":"publish","type":"post","link":"https:\/\/encuentroinformativo.com.mx\/?p=3402","title":{"rendered":"Minimiza PT protestas contra Lopez Obrador"},"content":{"rendered":"\n<p><strong>Juan Arcos<\/strong> <\/p>\n\n\n\n<p>Xalapa, Ver.- El Partido del Trabajo (PT) consider\u00f3 que \u201ccausan risa\u201d quienes protestan contra el presidente Andr\u00e9s Manuel L\u00f3pez Obrador.<\/p>\n\n\n\n<p>En un comunicado, el coordinador estatal del PT, Vicente Aguilar Aguilar, consider\u00f3 que este partido es aliado de AMLO contra los conservadores que buscan desprestigiarlo.<\/p>\n\n\n\n<p>\u201cAunque disfracen sus maridajes; los partidos pol\u00edticos, encabezados por el Partido Acci\u00f3n Nacional (PAN) buscan venganza pol\u00edtica, se unen con explotadores capitalistas y burgueses de viejo cu\u00f1o. Encabezan manifestaciones que causan risa porque no representan m\u00e1s que los intereses de quienes participan, es decir, de unos pocos que extra\u00f1an prebendas, corrupci\u00f3n e impunidades\u201d.<\/p>\n\n\n\n<p>Cabe recordar que afuera del 63 Batall\u00f3n de Infanter\u00eda, ubicado en El Lencero, protestaron familiares de personas desaparecidas durante la visita del Presidente.<\/p>\n\n\n\n<p>Sin embargo, el mandatario federal prefiri\u00f3 seguir su camino y no detenerse para escuchar su reclamo, sus demandas.\u00a0<br>Adem\u00e1s, Vicente Aguilar opin\u00f3 que la visita de AMLO a Veracruz da confianza para realizar actividades econ\u00f3micas y reactivar el \u00e1mbito laboral mediante el programa Sembrando Vida.<\/p>\n\n\n\n<p>\u201cHa servido para comprobar el espaldarazo firme que muestra al gobernador. Ninguna cr\u00edtica ha menguado el apoyo que el presidente brinda a Veracruz a trav\u00e9s del gobierno de Cuitl\u00e1huac Garc\u00eda. Sin duda, los detractores extra\u00f1an los\u00a0<em>cochupos<\/em>\u00a0que los hicieron m\u00e1s ricos. Claro es que quieren regresar las cosas a como esteban antes, cuando los pocos ricos se beneficiaban a costa de los muchos pobres\u201d, a\u00f1adi\u00f3 el l\u00edder petista.<\/p>\n\n\n\n<p><\/p>\n","protected":false},"excerpt":{"rendered":"<p>Juan Arcos Xalapa, Ver.- El Partido del Trabajo (PT) consider\u00f3 que \u201ccausan risa\u201d quienes protestan contra el presidente Andr\u00e9s Manuel L\u00f3pez Obrador. En un comunicado, el coordinador estatal del PT, Vicente Aguilar Aguilar, consider\u00f3 que este partido es aliado de AMLO contra los conservadores que buscan desprestigiarlo. \u201cAunque disfracen sus maridajes; los partidos pol\u00edticos, encabezados [&hellip;]<\/p>\n","protected":false},"author":1,"featured_media":3399,"comment_status":"open","ping_status":"open","sticky":false,"template":"","format":"standard","meta":{"_jetpack_memberships_contains_paid_content":false,"footnotes":""},"categories":[2],"tags":[],"class_list":["post-3402","post","type-post","status-publish","format-standard","has-post-thumbnail","hentry","category-estado"],"jetpack_featured_media_url":"https:\/\/encuentroinformativo.com.mx\/wp-content\/uploads\/2020\/06\/16A3C109-00EB-4275-BDB4-1DF43784E1FD-scaled.jpeg","jetpack_sharing_enabled":true,"jetpack_likes_enabled":true,"amp_enabled":true,"_links":{"self":[{"href":"https:\/\/encuentroinformativo.com.mx\/index.php?rest_route=\/wp\/v2\/posts\/3402","targetHints":{"allow":["GET"]}}],"collection":[{"href":"https:\/\/encuentroinformativo.com.mx\/index.php?rest_route=\/wp\/v2\/posts"}],"about":[{"href":"https:\/\/encuentroinformativo.com.mx\/index.php?rest_route=\/wp\/v2\/types\/post"}],"author":[{"embeddable":true,"href":"https:\/\/encuentroinformativo.com.mx\/index.php?rest_route=\/wp\/v2\/users\/1"}],"replies":[{"embeddable":true,"href":"https:\/\/encuentroinformativo.com.mx\/index.php?rest_route=%2Fwp%2Fv2%2Fcomments&post=3402"}],"version-history":[{"count":1,"href":"https:\/\/encuentroinformativo.com.mx\/index.php?rest_route=\/wp\/v2\/posts\/3402\/revisions"}],"predecessor-version":[{"id":3403,"href":"https:\/\/encuentroinformativo.com.mx\/index.php?rest_route=\/wp\/v2\/posts\/3402\/revisions\/3403"}],"wp:featuredmedia":[{"embeddable":true,"href":"https:\/\/encuentroinformativo.com.mx\/index.php?rest_route=\/wp\/v2\/media\/3399"}],"wp:attachment":[{"href":"https:\/\/encuentroinformativo.com.mx\/index.php?rest_route=%2Fwp%2Fv2%2Fmedia&parent=3402"}],"wp:term":[{"taxonomy":"category","embeddable":true,"href":"https:\/\/encuentroinformativo.com.mx\/index.php?rest_route=%2Fwp%2Fv2%2Fcategories&post=3402"},{"taxonomy":"post_tag","embeddable":true,"href":"https:\/\/encuentroinformativo.com.mx\/index.php?rest_route=%2Fwp%2Fv2%2Ftags&post=3402"}],"curies":[{"name":"wp","href":"https:\/\/api.w.org\/{rel}","templated":true}]}}