{"id":34020,"date":"2022-12-01T14:31:33","date_gmt":"2022-12-01T20:31:33","guid":{"rendered":"https:\/\/encuentroinformativo.com.mx\/?p=34020"},"modified":"2022-12-01T14:31:36","modified_gmt":"2022-12-01T20:31:36","slug":"obra-pone-en-riesgo-manantiales-de-ixhuacan-senalan-autoridades","status":"publish","type":"post","link":"https:\/\/encuentroinformativo.com.mx\/?p=34020","title":{"rendered":"Obra pone en riesgo manantiales de Ixhuac\u00e1n, se\u00f1alan autoridades"},"content":{"rendered":"\n<p><strong>Juan Arcos<\/strong><\/p>\n\n\n\n<p>Xalapa, Ver.- Una zona de manantiales de la localidad Amatla, municipio de Ixhuac\u00e1n de los Reyes, est\u00e1 en peligro por los trabajos que se llevan a cabo para la introducci\u00f3n de drenaje sanitario.<\/p>\n\n\n\n<p>De acuerdo con la agente municipal, Maura Hern\u00e1ndez Colorado, la zona est\u00e1 en riesgo por una grave contaminaci\u00f3n, pues las descargas podr\u00edan registrarse en la localidad de Barranca Grande.<\/p>\n\n\n\n<p>El agua es utilizada para consumo humano y la contaminaci\u00f3n podr\u00eda ocasionar un problema de salud p\u00fablica.<\/p>\n\n\n\n<p>\u201cEn la comunidad de Amatla est\u00e1n trabajando un drenaje y las descargas ser\u00e1n directo a Barranca Grande, en los manantiales de donde nosotros tomamos agua potable y esa agua corre y llega al r\u00edo\u201d, enfatiz\u00f3.<\/p>\n\n\n\n<p>Las descargas de aguas negras podr\u00edan desembocar en el r\u00edo La Antigua, desat\u00e1ndose un problema a\u00fan mayor en la zona.<\/p>\n\n\n\n<p>La agente municipal denunci\u00f3 que la obra ni siquiera cuenta con los permisos correspondientes y que el alcalde de Ixhuac\u00e1n de los Reyes, Fortunato Ruiz Vargas, les ha negado una respuesta favorable, bajo el argumento de que quienes se oponen a la obra son \u201cignorantes\u201d.<\/p>\n\n\n\n<p>El ayuntamiento est\u00e1 a cargo de la obra mencionada, pero las autoridades municipales no han informado de manera oficial sobre los avances de los trabajos y las descargas de aguas residuales.<\/p>\n\n\n\n<p>\u201cLa obra est\u00e1 por concluirse pero no hay ning\u00fan permiso de descarga hacia esta zona y ya se subi\u00f3 hablar con el alcalde (Fortunato Ruiz Vargas) pero nos tom\u00f3 en cuenta y dice que somos personas ignorantes que no entendemos raz\u00f3n, pero nosotros estamos en nuestro derecho de salvar los manantiales y r\u00edo\u201d, a\u00f1adi\u00f3.<\/p>\n\n\n\n<p>Hern\u00e1ndez Colorado mencion\u00f3 que la contaminaci\u00f3n tambi\u00e9n podr\u00eda alcanzar los cultivos de ma\u00edz y caf\u00e9 que hay en la zona de Ixhuac\u00e1n de los Reyes.<\/p>\n\n\n\n<p>Los pobladores han procedido legalmente y tambi\u00e9n notificaron a la Comisi\u00f3n Nacional del Agua (Conagua), la Comisi\u00f3n del Agua del Estado de Veracruz (CAEV), Secretar\u00eda de Medio Ambiente (Sedema) y la Procuradur\u00eda del Medio Ambiente (PMA), para que se atienda la situaci\u00f3n.<\/p>\n\n\n\n<p>Los habitantes exigen que se detengan los trabajos, pues representan un atentado contra el entorno ecol\u00f3gico. Adem\u00e1s, no descartan manifestarse en pr\u00f3ximos d\u00edas.<\/p>\n\n\n\n<figure class=\"wp-block-image size-large\"><img loading=\"lazy\" decoding=\"async\" width=\"1024\" height=\"768\" src=\"https:\/\/encuentroinformativo.com.mx\/wp-content\/uploads\/2022\/12\/D114BEC3-A6BD-405D-8D74-54D1649C5391-1024x768.jpeg\" alt=\"\" class=\"wp-image-34022\" srcset=\"https:\/\/encuentroinformativo.com.mx\/wp-content\/uploads\/2022\/12\/D114BEC3-A6BD-405D-8D74-54D1649C5391-1024x768.jpeg 1024w, https:\/\/encuentroinformativo.com.mx\/wp-content\/uploads\/2022\/12\/D114BEC3-A6BD-405D-8D74-54D1649C5391-300x225.jpeg 300w, https:\/\/encuentroinformativo.com.mx\/wp-content\/uploads\/2022\/12\/D114BEC3-A6BD-405D-8D74-54D1649C5391-768x576.jpeg 768w, https:\/\/encuentroinformativo.com.mx\/wp-content\/uploads\/2022\/12\/D114BEC3-A6BD-405D-8D74-54D1649C5391.jpeg 1199w\" sizes=\"auto, (max-width: 1024px) 100vw, 1024px\" \/><\/figure>\n","protected":false},"excerpt":{"rendered":"<p>Juan Arcos Xalapa, Ver.- Una zona de manantiales de la localidad Amatla, municipio de Ixhuac\u00e1n de los Reyes, est\u00e1 en peligro por los trabajos que se llevan a cabo para la introducci\u00f3n de drenaje sanitario. De acuerdo con la agente municipal, Maura Hern\u00e1ndez Colorado, la zona est\u00e1 en riesgo por una grave contaminaci\u00f3n, pues las [&hellip;]<\/p>\n","protected":false},"author":1,"featured_media":34021,"comment_status":"open","ping_status":"open","sticky":false,"template":"","format":"standard","meta":{"_jetpack_memberships_contains_paid_content":false,"footnotes":""},"categories":[2],"tags":[],"class_list":["post-34020","post","type-post","status-publish","format-standard","has-post-thumbnail","hentry","category-estado"],"jetpack_featured_media_url":"https:\/\/encuentroinformativo.com.mx\/wp-content\/uploads\/2022\/12\/C47DFDA2-D967-4564-887D-E9314C388A1B.jpeg","jetpack_sharing_enabled":true,"jetpack_likes_enabled":true,"amp_enabled":true,"_links":{"self":[{"href":"https:\/\/encuentroinformativo.com.mx\/index.php?rest_route=\/wp\/v2\/posts\/34020","targetHints":{"allow":["GET"]}}],"collection":[{"href":"https:\/\/encuentroinformativo.com.mx\/index.php?rest_route=\/wp\/v2\/posts"}],"about":[{"href":"https:\/\/encuentroinformativo.com.mx\/index.php?rest_route=\/wp\/v2\/types\/post"}],"author":[{"embeddable":true,"href":"https:\/\/encuentroinformativo.com.mx\/index.php?rest_route=\/wp\/v2\/users\/1"}],"replies":[{"embeddable":true,"href":"https:\/\/encuentroinformativo.com.mx\/index.php?rest_route=%2Fwp%2Fv2%2Fcomments&post=34020"}],"version-history":[{"count":1,"href":"https:\/\/encuentroinformativo.com.mx\/index.php?rest_route=\/wp\/v2\/posts\/34020\/revisions"}],"predecessor-version":[{"id":34023,"href":"https:\/\/encuentroinformativo.com.mx\/index.php?rest_route=\/wp\/v2\/posts\/34020\/revisions\/34023"}],"wp:featuredmedia":[{"embeddable":true,"href":"https:\/\/encuentroinformativo.com.mx\/index.php?rest_route=\/wp\/v2\/media\/34021"}],"wp:attachment":[{"href":"https:\/\/encuentroinformativo.com.mx\/index.php?rest_route=%2Fwp%2Fv2%2Fmedia&parent=34020"}],"wp:term":[{"taxonomy":"category","embeddable":true,"href":"https:\/\/encuentroinformativo.com.mx\/index.php?rest_route=%2Fwp%2Fv2%2Fcategories&post=34020"},{"taxonomy":"post_tag","embeddable":true,"href":"https:\/\/encuentroinformativo.com.mx\/index.php?rest_route=%2Fwp%2Fv2%2Ftags&post=34020"}],"curies":[{"name":"wp","href":"https:\/\/api.w.org\/{rel}","templated":true}]}}