{"id":34027,"date":"2022-12-01T15:49:58","date_gmt":"2022-12-01T21:49:58","guid":{"rendered":"https:\/\/encuentroinformativo.com.mx\/?p=34027"},"modified":"2022-12-01T15:50:02","modified_gmt":"2022-12-01T21:50:02","slug":"ac-pide-legislar-en-favor-de-enfermos-con-vih","status":"publish","type":"post","link":"https:\/\/encuentroinformativo.com.mx\/?p=34027","title":{"rendered":"AC pide legislar en favor de enfermos con VIH"},"content":{"rendered":"\n<p><strong>Alejandro \u00c1vila<\/strong><\/p>\n\n\n\n<p>Veracruz, Ver.- El director de Casa Veracruz, Eduardo Lugo habl\u00f3 en entrevista sobre la importancia de legislar en el Congreso de Veracruz en favor de la atenci\u00f3n oportuna a los enfermos con VIH.<\/p>\n\n\n\n<p>En caso de lograr la modificaci\u00f3n a la ley, la atenci\u00f3n a los enfermos con VIH ser\u00eda m\u00e1s oportuna, pues actualmente la vinculaci\u00f3n oscila entre 90 y 120 d\u00edas.<\/p>\n\n\n\n<p>&#8220;El tiempo de vinculaci\u00f3n es desde que te sacan la sangre hasta el momento que te dan tu pastilla, en medio de todo eso hay un proceso que aqu\u00ed nos est\u00e1 llevando de 90 a 120 d\u00edas (\u2026) En ese lapso muchas personas no tienen atenci\u00f3n psicol\u00f3gica o no tienen continuidad y literal se van a morir a sus casas o regresan muy enfermos&#8221;.<\/p>\n\n\n\n<p>Se\u00f1al\u00f3 que al cambiar la ley tambi\u00e9n se mejorar\u00eda la atenci\u00f3n especializada y evitar casos de fobia en los procesos de contrataci\u00f3n, de los que en la ciudad de Veracruz se han registrado seis casos de discriminaci\u00f3n.<\/p>\n\n\n\n<p>El director de Casa Veracruz, record\u00f3 que la entidad ocupa el segundo lugar en casos de VIH en el pa\u00eds y el primer lugar en casos de muertes oportunistas en mujeres y j\u00f3venes.<\/p>\n\n\n\n<p>Mencion\u00f3 que Casa Veracruz ha atendido a j\u00f3venes entre 19 y 21 a\u00f1os en etapa inicial de sida, por lo que han vivido de 4 a 6 a\u00f1os con la enfermedad.&nbsp;<\/p>\n\n\n\n<p>Adem\u00e1s de mujeres de 51 a\u00f1os que tambi\u00e9n llegan ya padeciendo SIDA.&nbsp;<\/p>\n\n\n\n<p>Eduardo Lugo, consider\u00f3 que faltan campa\u00f1as especializadas de detecci\u00f3n y prevenci\u00f3n, ya que actualmente solo se trata a groso modo.<\/p>\n","protected":false},"excerpt":{"rendered":"<p>Alejandro \u00c1vila Veracruz, Ver.- El director de Casa Veracruz, Eduardo Lugo habl\u00f3 en entrevista sobre la importancia de legislar en el Congreso de Veracruz en favor de la atenci\u00f3n oportuna a los enfermos con VIH. En caso de lograr la modificaci\u00f3n a la ley, la atenci\u00f3n a los enfermos con VIH ser\u00eda m\u00e1s oportuna, pues [&hellip;]<\/p>\n","protected":false},"author":1,"featured_media":34028,"comment_status":"open","ping_status":"open","sticky":false,"template":"","format":"standard","meta":{"_jetpack_memberships_contains_paid_content":false,"footnotes":""},"categories":[9],"tags":[],"class_list":["post-34027","post","type-post","status-publish","format-standard","has-post-thumbnail","hentry","category-salud"],"jetpack_featured_media_url":"https:\/\/encuentroinformativo.com.mx\/wp-content\/uploads\/2022\/12\/95E587AB-41F0-412B-A626-4B758B79BE4D.jpeg","jetpack_sharing_enabled":true,"jetpack_likes_enabled":true,"amp_enabled":true,"_links":{"self":[{"href":"https:\/\/encuentroinformativo.com.mx\/index.php?rest_route=\/wp\/v2\/posts\/34027","targetHints":{"allow":["GET"]}}],"collection":[{"href":"https:\/\/encuentroinformativo.com.mx\/index.php?rest_route=\/wp\/v2\/posts"}],"about":[{"href":"https:\/\/encuentroinformativo.com.mx\/index.php?rest_route=\/wp\/v2\/types\/post"}],"author":[{"embeddable":true,"href":"https:\/\/encuentroinformativo.com.mx\/index.php?rest_route=\/wp\/v2\/users\/1"}],"replies":[{"embeddable":true,"href":"https:\/\/encuentroinformativo.com.mx\/index.php?rest_route=%2Fwp%2Fv2%2Fcomments&post=34027"}],"version-history":[{"count":1,"href":"https:\/\/encuentroinformativo.com.mx\/index.php?rest_route=\/wp\/v2\/posts\/34027\/revisions"}],"predecessor-version":[{"id":34029,"href":"https:\/\/encuentroinformativo.com.mx\/index.php?rest_route=\/wp\/v2\/posts\/34027\/revisions\/34029"}],"wp:featuredmedia":[{"embeddable":true,"href":"https:\/\/encuentroinformativo.com.mx\/index.php?rest_route=\/wp\/v2\/media\/34028"}],"wp:attachment":[{"href":"https:\/\/encuentroinformativo.com.mx\/index.php?rest_route=%2Fwp%2Fv2%2Fmedia&parent=34027"}],"wp:term":[{"taxonomy":"category","embeddable":true,"href":"https:\/\/encuentroinformativo.com.mx\/index.php?rest_route=%2Fwp%2Fv2%2Fcategories&post=34027"},{"taxonomy":"post_tag","embeddable":true,"href":"https:\/\/encuentroinformativo.com.mx\/index.php?rest_route=%2Fwp%2Fv2%2Ftags&post=34027"}],"curies":[{"name":"wp","href":"https:\/\/api.w.org\/{rel}","templated":true}]}}