{"id":34033,"date":"2022-12-01T15:58:45","date_gmt":"2022-12-01T21:58:45","guid":{"rendered":"https:\/\/encuentroinformativo.com.mx\/?p=34033"},"modified":"2022-12-01T15:58:50","modified_gmt":"2022-12-01T21:58:50","slug":"ocupa-poza-rica-segundo-lugar-en-casos-de-vih","status":"publish","type":"post","link":"https:\/\/encuentroinformativo.com.mx\/?p=34033","title":{"rendered":"Ocupa Poza Rica segundo lugar en casos de VIH"},"content":{"rendered":"\n<p><strong>Alejandro \u00c1vila<\/strong><\/p>\n\n\n\n<p>Poza Rica, Ver.- Resulta alarmante para el Ayuntamiento de Poza Rica que el municipio se encuentra en el segundo lugar a nivel estatal en casos de VIH; incluso, se\u00f1alaron que han detectado contagios en peque\u00f1os de 10 a\u00f1os.<\/p>\n\n\n\n<p>La edil Leslie Vanessa Ortiz Huerta qui\u00e9n preside la comisi\u00f3n de Salud, expuso que lo m\u00e1s alarmante es que ni\u00f1os ya iniciaron su vida sexual, pero al carecer de madurez y responsabilidad se contagian de la enfermedad.&nbsp;<\/p>\n\n\n\n<p>De acuerdo con el \u00faltimo reporte del Sistema de Vigilancia Epidemiol\u00f3gica de VIH, en Veracruz fueron notificados 386 casos durante el primer trimestre del a\u00f1o, 311 hombres y 75 mujeres, pero tambi\u00e9n existen j\u00f3venes con un rango de edad de 25 a 29 a\u00f1os, que tambi\u00e9n han sido contagiados.&nbsp;<\/p>\n\n\n\n<p>En la actualidad cinco veracruzanos se infectan por VIH cada d\u00eda, confirmando a la entidad con mayor n\u00famero de casos acumulados en M\u00e9xico. En la ciudad de Poza Rica, la incidencia de VIH se ha incrementado notablemente en los \u00faltimos a\u00f1os.&nbsp;<\/p>\n\n\n\n<p>Adem\u00e1s se subray\u00f3 que el 33 por ciento de los nuevos casos en Veracruz se detectaron en etapas con s\u00edntomas avanzados y graves, siendo las relaciones sexuales sin protecci\u00f3n la principal forma de transmisi\u00f3n, entre otras formas de contraer el virus.<\/p>\n","protected":false},"excerpt":{"rendered":"<p>Alejandro \u00c1vila Poza Rica, Ver.- Resulta alarmante para el Ayuntamiento de Poza Rica que el municipio se encuentra en el segundo lugar a nivel estatal en casos de VIH; incluso, se\u00f1alaron que han detectado contagios en peque\u00f1os de 10 a\u00f1os. La edil Leslie Vanessa Ortiz Huerta qui\u00e9n preside la comisi\u00f3n de Salud, expuso que lo [&hellip;]<\/p>\n","protected":false},"author":1,"featured_media":34034,"comment_status":"open","ping_status":"open","sticky":false,"template":"","format":"standard","meta":{"_jetpack_memberships_contains_paid_content":false,"footnotes":""},"categories":[9],"tags":[],"class_list":["post-34033","post","type-post","status-publish","format-standard","has-post-thumbnail","hentry","category-salud"],"jetpack_featured_media_url":"https:\/\/encuentroinformativo.com.mx\/wp-content\/uploads\/2022\/12\/12AF6775-14BE-4F25-ACA8-8F8218EB53E2.jpeg","jetpack_sharing_enabled":true,"jetpack_likes_enabled":true,"amp_enabled":true,"_links":{"self":[{"href":"https:\/\/encuentroinformativo.com.mx\/index.php?rest_route=\/wp\/v2\/posts\/34033","targetHints":{"allow":["GET"]}}],"collection":[{"href":"https:\/\/encuentroinformativo.com.mx\/index.php?rest_route=\/wp\/v2\/posts"}],"about":[{"href":"https:\/\/encuentroinformativo.com.mx\/index.php?rest_route=\/wp\/v2\/types\/post"}],"author":[{"embeddable":true,"href":"https:\/\/encuentroinformativo.com.mx\/index.php?rest_route=\/wp\/v2\/users\/1"}],"replies":[{"embeddable":true,"href":"https:\/\/encuentroinformativo.com.mx\/index.php?rest_route=%2Fwp%2Fv2%2Fcomments&post=34033"}],"version-history":[{"count":1,"href":"https:\/\/encuentroinformativo.com.mx\/index.php?rest_route=\/wp\/v2\/posts\/34033\/revisions"}],"predecessor-version":[{"id":34035,"href":"https:\/\/encuentroinformativo.com.mx\/index.php?rest_route=\/wp\/v2\/posts\/34033\/revisions\/34035"}],"wp:featuredmedia":[{"embeddable":true,"href":"https:\/\/encuentroinformativo.com.mx\/index.php?rest_route=\/wp\/v2\/media\/34034"}],"wp:attachment":[{"href":"https:\/\/encuentroinformativo.com.mx\/index.php?rest_route=%2Fwp%2Fv2%2Fmedia&parent=34033"}],"wp:term":[{"taxonomy":"category","embeddable":true,"href":"https:\/\/encuentroinformativo.com.mx\/index.php?rest_route=%2Fwp%2Fv2%2Fcategories&post=34033"},{"taxonomy":"post_tag","embeddable":true,"href":"https:\/\/encuentroinformativo.com.mx\/index.php?rest_route=%2Fwp%2Fv2%2Ftags&post=34033"}],"curies":[{"name":"wp","href":"https:\/\/api.w.org\/{rel}","templated":true}]}}