{"id":3404,"date":"2020-06-16T17:25:42","date_gmt":"2020-06-16T22:25:42","guid":{"rendered":"https:\/\/encuentroinformativo.com\/?p=3404"},"modified":"2020-06-16T17:25:44","modified_gmt":"2020-06-16T22:25:44","slug":"reembolsaran-descuentos-a-trabajadores-de-limpia-publica-caballero","status":"publish","type":"post","link":"https:\/\/encuentroinformativo.com.mx\/?p=3404","title":{"rendered":"Reembolsar\u00e1n descuentos a trabajadores de limpia p\u00fablica: Caballero"},"content":{"rendered":"\n<p><strong>Juan Arcos <\/strong><\/p>\n\n\n\n<p>Xalapa, Ver.- Los trabajadores de Limpia P\u00fablica que pararon labores el lunes 15 de junio, llegaron a un acuerdo con el ayuntamiento de Xalapa y reanudaron su actividad.<\/p>\n\n\n\n<p>De acuerdo con el dirigente sindical de los empleados, Guillermo Caballero de Jes\u00fas, este martes 16 de junio comenzar\u00eda la reparaci\u00f3n de los camiones recolectores de basura.<\/p>\n\n\n\n<p>Se trata de 14 unidades que contar\u00e1n con nuevos neum\u00e1ticos y refacciones para que se encuentren en condiciones \u00f3ptimas.<\/p>\n\n\n\n<p>\u201cLa compostura de los camiones y compra de neum\u00e1ticos y refacciones y servicios para todas las unidades. Estos trabajos se iniciar\u00e1n a partir del martes\u201d.<\/p>\n\n\n\n<p>El l\u00edder sindical indic\u00f3 que adem\u00e1s ser\u00e1n reembolsados los descuentos que se efectuaron al salario de los trabajadores.<\/p>\n\n\n\n<p>\u201cA m\u00e1s tardar el d\u00eda jueves les estar\u00e1n depositando y a quienes les pagan por efectivo tambi\u00e9n ser\u00e1 ese mismo d\u00eda\u201d, agreg\u00f3.<\/p>\n\n\n\n<p>Adem\u00e1s, se llevar\u00eda a cabo la contrataci\u00f3n del personal voluntario.<\/p>\n\n\n\n<p>Caballero de Jes\u00fas revel\u00f3 que la siguiente semana sostendr\u00e1n una reuni\u00f3n con el \u00e1rea jur\u00eddica para acordar m\u00e1s beneficios para los empleados.<\/p>\n\n\n\n<p><\/p>\n","protected":false},"excerpt":{"rendered":"<p>Juan Arcos Xalapa, Ver.- Los trabajadores de Limpia P\u00fablica que pararon labores el lunes 15 de junio, llegaron a un acuerdo con el ayuntamiento de Xalapa y reanudaron su actividad. De acuerdo con el dirigente sindical de los empleados, Guillermo Caballero de Jes\u00fas, este martes 16 de junio comenzar\u00eda la reparaci\u00f3n de los camiones recolectores [&hellip;]<\/p>\n","protected":false},"author":1,"featured_media":3405,"comment_status":"open","ping_status":"open","sticky":false,"template":"","format":"standard","meta":{"_jetpack_memberships_contains_paid_content":false,"footnotes":""},"categories":[3],"tags":[],"class_list":["post-3404","post","type-post","status-publish","format-standard","has-post-thumbnail","hentry","category-xalapa"],"jetpack_featured_media_url":"https:\/\/encuentroinformativo.com.mx\/wp-content\/uploads\/2020\/06\/075BF3A0-C604-4168-A59F-4E013A96D5B1.jpeg","jetpack_sharing_enabled":true,"jetpack_likes_enabled":true,"amp_enabled":true,"_links":{"self":[{"href":"https:\/\/encuentroinformativo.com.mx\/index.php?rest_route=\/wp\/v2\/posts\/3404","targetHints":{"allow":["GET"]}}],"collection":[{"href":"https:\/\/encuentroinformativo.com.mx\/index.php?rest_route=\/wp\/v2\/posts"}],"about":[{"href":"https:\/\/encuentroinformativo.com.mx\/index.php?rest_route=\/wp\/v2\/types\/post"}],"author":[{"embeddable":true,"href":"https:\/\/encuentroinformativo.com.mx\/index.php?rest_route=\/wp\/v2\/users\/1"}],"replies":[{"embeddable":true,"href":"https:\/\/encuentroinformativo.com.mx\/index.php?rest_route=%2Fwp%2Fv2%2Fcomments&post=3404"}],"version-history":[{"count":1,"href":"https:\/\/encuentroinformativo.com.mx\/index.php?rest_route=\/wp\/v2\/posts\/3404\/revisions"}],"predecessor-version":[{"id":3406,"href":"https:\/\/encuentroinformativo.com.mx\/index.php?rest_route=\/wp\/v2\/posts\/3404\/revisions\/3406"}],"wp:featuredmedia":[{"embeddable":true,"href":"https:\/\/encuentroinformativo.com.mx\/index.php?rest_route=\/wp\/v2\/media\/3405"}],"wp:attachment":[{"href":"https:\/\/encuentroinformativo.com.mx\/index.php?rest_route=%2Fwp%2Fv2%2Fmedia&parent=3404"}],"wp:term":[{"taxonomy":"category","embeddable":true,"href":"https:\/\/encuentroinformativo.com.mx\/index.php?rest_route=%2Fwp%2Fv2%2Fcategories&post=3404"},{"taxonomy":"post_tag","embeddable":true,"href":"https:\/\/encuentroinformativo.com.mx\/index.php?rest_route=%2Fwp%2Fv2%2Ftags&post=3404"}],"curies":[{"name":"wp","href":"https:\/\/api.w.org\/{rel}","templated":true}]}}