{"id":34045,"date":"2022-12-02T09:33:15","date_gmt":"2022-12-02T15:33:15","guid":{"rendered":"https:\/\/encuentroinformativo.com.mx\/?p=34045"},"modified":"2022-12-02T09:33:19","modified_gmt":"2022-12-02T15:33:19","slug":"candidatos-se-definiran-por-encuestas-amlo","status":"publish","type":"post","link":"https:\/\/encuentroinformativo.com.mx\/?p=34045","title":{"rendered":"Candidatos se definir\u00e1n por encuestas: AMLO"},"content":{"rendered":"\n<p><strong>Alejandro \u00c1vila<\/strong><\/p>\n\n\n\n<p>Veracruz, Ver.- La secretaria de energ\u00eda Roc\u00edo Nahle Garc\u00eda tiene derecho a contender por la gubernatura de Veracruz debido a que es hija de padres veracruzanos, asegur\u00f3 el presidente Andr\u00e9s Manuel L\u00f3pez Obrador.<\/p>\n\n\n\n<p>La ma\u00f1ana de este viernes el Ejecutivo Federal realiz\u00f3 su conferencia &#8220;La Ma\u00f1anera&#8221; en el Museo Naval del Puerto de Veracruz; d\u00f3nde fue cuestionado sobre el destape de la funcionaria Federal.<\/p>\n\n\n\n<p>&#8220;No hablo, porque soy veracruzano y la constituci\u00f3n establece que los hijos de veracruzanos son veracruzanos&#8221;, expres\u00f3.<\/p>\n\n\n\n<p>El presidente de la rep\u00fablica dijo que la elecci\u00f3n de los candidatos del partido Morena ser\u00e1 por encuesta, por lo que no ser\u00e1 necesario dejar sus cargos p\u00fablicos mientras \u00e9sta se lleva a cabo.<\/p>\n\n\n\n<p>&#8220;No participo en eso (\u2026) No me voy a meter pero s\u00ed voy a apoyar a quien gane la encuesta. Estoy seguro que todos los que est\u00e1n participando est\u00e1n conformes con ese m\u00e9todo, no es favoritismo, los que est\u00e1n de candidatos de nuestro movimiento son de primera&#8221;.<\/p>\n\n\n\n<p>En otro tema, dijo que la denuncia que interpusieron ante el INE los partidos de oposici\u00f3n por el presunto gasto excesivo e innecesario en la marcha a su favor del pasado domingo en la Ciudad de M\u00e9xico, no es un tema que le preocupe.<\/p>\n\n\n\n<p>En ese sentido acus\u00f3 a los partidos de oposici\u00f3n de dedicarse a denunciar, pues es la \u00fanica opci\u00f3n que tienen, ya que no han logrado despuntar en las encuestas con la ciudadan\u00eda.<\/p>\n\n\n\n<p>&#8220;No hacen m\u00e1s que denunciar, criticar, denostar, no hay talento, no hay convicciones; porque para hacer pol\u00edtica se debe tener amor al pueblo y ellos son simuladores y nos acusan de todo&#8221;, refut\u00f3 el presidente.<\/p>\n\n\n\n<p>L\u00f3pez Obrador acus\u00f3 que las denuncias son actos desesperados, pues en ellas no presentan pruebas contundentes.<\/p>\n\n\n\n<p>&#8220;No es nada importante, ni llega a ser an\u00e9cdota es parte de la desesperaci\u00f3n. Adelante con todas las denuncias y que la Fiscal\u00eda resuelva lo que considere&#8221;, culmin\u00f3.<\/p>\n","protected":false},"excerpt":{"rendered":"<p>Alejandro \u00c1vila Veracruz, Ver.- La secretaria de energ\u00eda Roc\u00edo Nahle Garc\u00eda tiene derecho a contender por la gubernatura de Veracruz debido a que es hija de padres veracruzanos, asegur\u00f3 el presidente Andr\u00e9s Manuel L\u00f3pez Obrador. La ma\u00f1ana de este viernes el Ejecutivo Federal realiz\u00f3 su conferencia &#8220;La Ma\u00f1anera&#8221; en el Museo Naval del Puerto de [&hellip;]<\/p>\n","protected":false},"author":1,"featured_media":34046,"comment_status":"open","ping_status":"open","sticky":false,"template":"","format":"standard","meta":{"_jetpack_memberships_contains_paid_content":false,"footnotes":""},"categories":[2],"tags":[],"class_list":["post-34045","post","type-post","status-publish","format-standard","has-post-thumbnail","hentry","category-estado"],"jetpack_featured_media_url":"https:\/\/encuentroinformativo.com.mx\/wp-content\/uploads\/2022\/12\/19775650-423A-460A-94DB-58AD938AE9D6.jpeg","jetpack_sharing_enabled":true,"jetpack_likes_enabled":true,"amp_enabled":true,"_links":{"self":[{"href":"https:\/\/encuentroinformativo.com.mx\/index.php?rest_route=\/wp\/v2\/posts\/34045","targetHints":{"allow":["GET"]}}],"collection":[{"href":"https:\/\/encuentroinformativo.com.mx\/index.php?rest_route=\/wp\/v2\/posts"}],"about":[{"href":"https:\/\/encuentroinformativo.com.mx\/index.php?rest_route=\/wp\/v2\/types\/post"}],"author":[{"embeddable":true,"href":"https:\/\/encuentroinformativo.com.mx\/index.php?rest_route=\/wp\/v2\/users\/1"}],"replies":[{"embeddable":true,"href":"https:\/\/encuentroinformativo.com.mx\/index.php?rest_route=%2Fwp%2Fv2%2Fcomments&post=34045"}],"version-history":[{"count":1,"href":"https:\/\/encuentroinformativo.com.mx\/index.php?rest_route=\/wp\/v2\/posts\/34045\/revisions"}],"predecessor-version":[{"id":34047,"href":"https:\/\/encuentroinformativo.com.mx\/index.php?rest_route=\/wp\/v2\/posts\/34045\/revisions\/34047"}],"wp:featuredmedia":[{"embeddable":true,"href":"https:\/\/encuentroinformativo.com.mx\/index.php?rest_route=\/wp\/v2\/media\/34046"}],"wp:attachment":[{"href":"https:\/\/encuentroinformativo.com.mx\/index.php?rest_route=%2Fwp%2Fv2%2Fmedia&parent=34045"}],"wp:term":[{"taxonomy":"category","embeddable":true,"href":"https:\/\/encuentroinformativo.com.mx\/index.php?rest_route=%2Fwp%2Fv2%2Fcategories&post=34045"},{"taxonomy":"post_tag","embeddable":true,"href":"https:\/\/encuentroinformativo.com.mx\/index.php?rest_route=%2Fwp%2Fv2%2Ftags&post=34045"}],"curies":[{"name":"wp","href":"https:\/\/api.w.org\/{rel}","templated":true}]}}