{"id":34048,"date":"2022-12-02T09:42:21","date_gmt":"2022-12-02T15:42:21","guid":{"rendered":"https:\/\/encuentroinformativo.com.mx\/?p=34048"},"modified":"2022-12-02T09:42:25","modified_gmt":"2022-12-02T15:42:25","slug":"con-trabajo-y-cercania-en-boca-del-rio-reactivamos-la-economia-alcalde-jm-unanue","status":"publish","type":"post","link":"https:\/\/encuentroinformativo.com.mx\/?p=34048","title":{"rendered":"Con Trabajo y Cercan\u00eda, en Boca del R\u00edo reactivamos la econom\u00eda: Alcalde JM Un\u00e1nue"},"content":{"rendered":"\n<p>Boca del R\u00edo, Ver.- <em>Con \u201cA Pedir de Boca\u201d, beneficiamos a 621 comercios este a\u00f1o, manteniendo y generando m\u00e1s de 2 mil 500 empleos<\/em><\/p>\n\n\n\n<p><em>Se instalaron 51 nuevas empresas, lo que representa una inversi\u00f3n de 150 millones de pesos<\/em><\/p>\n\n\n\n<p>En Boca del R\u00edo, creemos y apoyamos a nuestros emprendedores, por eso tenemos los mejores empleos y los mejores sueldos del Estado.<\/p>\n\n\n\n<p>En este a\u00f1o, se implement\u00f3 el programa \u201cA Pedir de Boca\u201d, \u00fanico de su tipo a nivel estatal, el cual impulsa al comercio local del municipio, resalt\u00f3 el Alcalde Juan Manuel Un\u00e1nue Abascal.<\/p>\n\n\n\n<p>Previo a su Primer Informe de Gobierno, el Presidente Municipal Constitucional, destac\u00f3 que se benefici\u00f3 a 621 comercios, lo que representa en cifra, 2 mil 500 empleos.<\/p>\n\n\n\n<p>Gracias a pol\u00edticas publicas y programas innovadores, se impulsa al sector de la econom\u00eda local, pieza de crecimiento y estabilidad para las boque\u00f1as y boque\u00f1os.<\/p>\n\n\n\n<p>\u201cQuiero agradecer la confianza de los emprendedores y empresarios que se han asentado en el municipio volvi\u00e9ndose un referente en el progreso y desarrollo humano, gracias a la buena relaci\u00f3n que estamos construyendo desde el gobierno municipal con los sectores productivos\u201d, explic\u00f3 Un\u00e1nue Abascal.<\/p>\n\n\n\n<p>\u201cA Pedir de Boca\u201d, difunde de manera masiva diversos productos y servicios a trav\u00e9s de herramientas digitales y totalmente gratis para los emprendedores y empresarios, contribuyendo en la generaci\u00f3n y permanencia de empleos; Facebook: @A PEDIR DE BOCA, Instagram: @APEDIR DEBOCA_OFICIAL y Tik Tok: APEDIRDEBOCA_OFICIAL<\/p>\n\n\n\n<p>Boca del R\u00edo se ha convertido en el principal polo de crecimiento econ\u00f3mico del Estado de Veracruz, instal\u00e1ndose 51 nuevas empresas de diversos rubros, invirtiendo m\u00e1s de 150 millones de pesos.<\/p>\n\n\n\n<p>Tras dos a\u00f1os de estancamiento econ\u00f3mico a causa de la pandemia, el gobierno de Juan Manuel Un\u00e1nue Abascal, ha refrendado su compromiso por reactivar el Desarrollo Econ\u00f3mico del municipio y de los boque\u00f1os, creando condiciones favorables tanto para los ciudadanos, como para la iniciativa privada atrayendo nuevas inversiones.<\/p>\n\n\n\n<p>Por otra parte, y como una de las primeras acciones de gobierno, se implement\u00f3 la Primera Feria del Empleo de la mano con Hospitales &amp; Centros de Diagn\u00f3stico Cavadonga, quien confi\u00f3 en el talento y capacidad de las boque\u00f1as y boque\u00f1os, ofertando empleos de calidad.<\/p>\n\n\n\n<p>Y en poco tiempo, se realiz\u00f3 la Segunda Feria del Empleo, donde participaron 90 empresas, revalidando su confianza en Boca del R\u00edo y el liderazgo de Juan Manuel Un\u00e1nue Abascal.<\/p>\n\n\n\n<p>La Primera Feria de la Mujer, fue otro instrumento de impulso social dirigido a las boque\u00f1as, esto mediante el programa &#8220;Unidas Somos M\u00e1s Fuertes&#8221;, donde la presidenta del DIF Municipal, Melina Rivera de Un\u00e1nue y el Alcalde boque\u00f1o, promueven la capacitaci\u00f3n de las mujeres emprendedoras en beneficio de su econom\u00eda.<\/p>\n\n\n\n<p>Cientos de mujeres han incrementado sus conocimientos a trav\u00e9s de los talleres \u201cHerramientas para mejorar la calidad en el servicio de las PYMES\u201d, \u201cEstrategias Digitales\u201d y \u201cObligaciones Fiscales\u201d.<\/p>\n\n\n\n<p>El \u201cGran Mercadito\u201d, es el espacio donde las boque\u00f1as cuentan con la oportunidad de ofertar sus productos, muchas de ellas, al perder su empleo o sumar su esfuerzo para sacar adelante a su n\u00facleo familiar, optaron por el emprendimiento, encontrando en el DIF y Ayuntamiento de Boca del R\u00edo, el respaldo para enfrentar una crisis, convirti\u00e9ndola en una gran oportunidad de crecimiento.<\/p>\n\n\n\n<p>Cuando una ciudad es bien administrada genera confianza, es as\u00ed, que seguiremos impulsando acciones que abran la puerta de nuevas inversiones y oportunidades, con orden y responsabilidad social para seguir consolidando a Boca del R\u00edo como \u201cLo Mejor de Veracruz\u201d.<\/p>\n\n\n\n<p>Con Trabajo y Cercan\u00eda, presentar\u00e1 su Primer Informe de Gobierno, este lunes 5 de diciembre, 18 horas en el <em>World Trade Center.<\/em><\/p>\n","protected":false},"excerpt":{"rendered":"<p>Boca del R\u00edo, Ver.- Con \u201cA Pedir de Boca\u201d, beneficiamos a 621 comercios este a\u00f1o, manteniendo y generando m\u00e1s de 2 mil 500 empleos Se instalaron 51 nuevas empresas, lo que representa una inversi\u00f3n de 150 millones de pesos En Boca del R\u00edo, creemos y apoyamos a nuestros emprendedores, por eso tenemos los mejores empleos [&hellip;]<\/p>\n","protected":false},"author":1,"featured_media":34049,"comment_status":"open","ping_status":"open","sticky":false,"template":"","format":"standard","meta":{"_jetpack_memberships_contains_paid_content":false,"footnotes":""},"categories":[2],"tags":[],"class_list":["post-34048","post","type-post","status-publish","format-standard","has-post-thumbnail","hentry","category-estado"],"jetpack_featured_media_url":"https:\/\/encuentroinformativo.com.mx\/wp-content\/uploads\/2022\/12\/75368779-CAF7-4FB2-BB7E-AB491EDF5F1A.jpeg","jetpack_sharing_enabled":true,"jetpack_likes_enabled":true,"amp_enabled":true,"_links":{"self":[{"href":"https:\/\/encuentroinformativo.com.mx\/index.php?rest_route=\/wp\/v2\/posts\/34048","targetHints":{"allow":["GET"]}}],"collection":[{"href":"https:\/\/encuentroinformativo.com.mx\/index.php?rest_route=\/wp\/v2\/posts"}],"about":[{"href":"https:\/\/encuentroinformativo.com.mx\/index.php?rest_route=\/wp\/v2\/types\/post"}],"author":[{"embeddable":true,"href":"https:\/\/encuentroinformativo.com.mx\/index.php?rest_route=\/wp\/v2\/users\/1"}],"replies":[{"embeddable":true,"href":"https:\/\/encuentroinformativo.com.mx\/index.php?rest_route=%2Fwp%2Fv2%2Fcomments&post=34048"}],"version-history":[{"count":1,"href":"https:\/\/encuentroinformativo.com.mx\/index.php?rest_route=\/wp\/v2\/posts\/34048\/revisions"}],"predecessor-version":[{"id":34050,"href":"https:\/\/encuentroinformativo.com.mx\/index.php?rest_route=\/wp\/v2\/posts\/34048\/revisions\/34050"}],"wp:featuredmedia":[{"embeddable":true,"href":"https:\/\/encuentroinformativo.com.mx\/index.php?rest_route=\/wp\/v2\/media\/34049"}],"wp:attachment":[{"href":"https:\/\/encuentroinformativo.com.mx\/index.php?rest_route=%2Fwp%2Fv2%2Fmedia&parent=34048"}],"wp:term":[{"taxonomy":"category","embeddable":true,"href":"https:\/\/encuentroinformativo.com.mx\/index.php?rest_route=%2Fwp%2Fv2%2Fcategories&post=34048"},{"taxonomy":"post_tag","embeddable":true,"href":"https:\/\/encuentroinformativo.com.mx\/index.php?rest_route=%2Fwp%2Fv2%2Ftags&post=34048"}],"curies":[{"name":"wp","href":"https:\/\/api.w.org\/{rel}","templated":true}]}}