{"id":34052,"date":"2022-12-02T10:22:13","date_gmt":"2022-12-02T16:22:13","guid":{"rendered":"https:\/\/encuentroinformativo.com.mx\/?p=34052"},"modified":"2022-12-02T10:22:16","modified_gmt":"2022-12-02T16:22:16","slug":"reducir-costos-de-luz-en-veracruz-deberia-ser-prioridad-cometur","status":"publish","type":"post","link":"https:\/\/encuentroinformativo.com.mx\/?p=34052","title":{"rendered":"Reducir costos de luz en Veracruz, deber\u00eda ser prioridad: COMETUR"},"content":{"rendered":"\n<p><strong>Alejandro \u00c1vila<\/strong><\/p>\n\n\n\n<p>Veracruz, Ver.- El aviso del presidente Andr\u00e9s Manuel L\u00f3pez Obrador sobre la construcci\u00f3n de un gasoducto en la entidad veracruzana no debe ser considerado como una prioridad, sino el reducir los costos de la energ\u00eda el\u00e9ctrica en Veracruz, mencion\u00f3 el presidente del Consejo Metropolitano de Turismo (COMETUR), Sergio Lois Heredia.<\/p>\n\n\n\n<p>Hace una semana el presidente de la rep\u00fablica informo sobre un acuerdo realizado entre la CFE y la empresa alemana TC Energy, para construir un gasoducto de 4 500 millones de d\u00f3lares, qu\u00e9 conecte a los puertos de Tuxpan con Coatzacoalcos y Veracruz con Dos Bocas (Tabasco).<\/p>\n\n\n\n<p>Desde hace varios d\u00edas en los municipios de Veracruz, Boca del R\u00edo, Alvarado y Medell\u00edn han aparecido espectaculares de promoci\u00f3n sobre la empresa Gas Natural Del Noroeste misma que asegura ser\u00e1 una alternativa m\u00e1s econ\u00f3mica para los ciudadanos.<\/p>\n\n\n\n<p>Al respecto, el empresario Sergio Lois Heredia dijo que se tendr\u00eda que evaluar la seguridad, el mantenimiento y los costos para la instalaci\u00f3n del gasoducto, ya que esto \u00faltimo podr\u00eda implicar m\u00e1s p\u00e9rdidas para los empresarios que ganancias.<\/p>\n\n\n\n<p>El empresario hotelero, se\u00f1al\u00f3 que actualmente los hoteles utilizan el gas LP, mismo que en los \u00faltimos meses ha bajado sus costos, por lo que la introducci\u00f3n de un gasoducto podr\u00eda implicar inclusive hasta perdidas econ\u00f3micas ya que las obras podr\u00edan ocasionar el cierre de calles principales.<\/p>\n\n\n\n<p>\u201cSi se tiene la opci\u00f3n, que tanto beneficio pudiese otorgarle a las empresas en lugar de tener gas LP a gas natural, que tan mas econ\u00f3mico es, pero la verdad algo muy importante esa saber: una, en caso de que se hicieran las obras, seria evaluar si a una empresa le cierran las calles un mes, pues yo no creo que vaya a tener esa recuperaci\u00f3n muy r\u00e1pido y dos creo que el riesgo es importante evaluarlo con gente calificada y no solo en el momento, sino los planes de mantenimiento porque Veracruz es una zona muy alta en salitre, que se deben tomar en cuenta\u201d, indic\u00f3.<\/p>\n\n\n\n<p>Otro punto importante a evaluar, consider\u00f3, que se debe evaluar es el mantenimiento que se requiere ya que la ciudad de Veracruz y su infraestructura se ve severamente afectada por el salitre, en el caso de construir l\u00edneas de gas se\u00f1al\u00f3 que ser\u00eda importante considerarlo para evitar corrosi\u00f3n y accidentes<\/p>\n\n\n\n<p>El empresario consider\u00f3 que actualmente existen otros temas prioritarios que necesitan atenci\u00f3n como los costos de la electricidad, del que han solicitado a las autoridades buscar alternativas ya que es uno de los principales egresos que tienen las empresas, no el gas.<\/p>\n\n\n\n<p>\u201cEs un egreso importante, mas&nbsp; est\u00e1 muy lejos de ser nuestro principal egreso, yo creo que m\u00e1s nos beneficiaria si se estuvieran analizando alternativas ene energ\u00eda el\u00e9ctrica y no ha habido eco, seguimos sufriendo cada mes para pagar la luz, entonces yo creo que m\u00e1s que el gas, ser\u00eda bueno analizar la anergia el\u00e9ctrica\u201d, a\u00f1adi\u00f3.<\/p>\n","protected":false},"excerpt":{"rendered":"<p>Alejandro \u00c1vila Veracruz, Ver.- El aviso del presidente Andr\u00e9s Manuel L\u00f3pez Obrador sobre la construcci\u00f3n de un gasoducto en la entidad veracruzana no debe ser considerado como una prioridad, sino el reducir los costos de la energ\u00eda el\u00e9ctrica en Veracruz, mencion\u00f3 el presidente del Consejo Metropolitano de Turismo (COMETUR), Sergio Lois Heredia. Hace una semana [&hellip;]<\/p>\n","protected":false},"author":1,"featured_media":34053,"comment_status":"open","ping_status":"open","sticky":false,"template":"","format":"standard","meta":{"_jetpack_memberships_contains_paid_content":false,"footnotes":""},"categories":[2],"tags":[],"class_list":["post-34052","post","type-post","status-publish","format-standard","has-post-thumbnail","hentry","category-estado"],"jetpack_featured_media_url":"https:\/\/encuentroinformativo.com.mx\/wp-content\/uploads\/2022\/12\/E07B458E-4710-4827-A609-1CB94EC206B2.jpeg","jetpack_sharing_enabled":true,"jetpack_likes_enabled":true,"amp_enabled":true,"_links":{"self":[{"href":"https:\/\/encuentroinformativo.com.mx\/index.php?rest_route=\/wp\/v2\/posts\/34052","targetHints":{"allow":["GET"]}}],"collection":[{"href":"https:\/\/encuentroinformativo.com.mx\/index.php?rest_route=\/wp\/v2\/posts"}],"about":[{"href":"https:\/\/encuentroinformativo.com.mx\/index.php?rest_route=\/wp\/v2\/types\/post"}],"author":[{"embeddable":true,"href":"https:\/\/encuentroinformativo.com.mx\/index.php?rest_route=\/wp\/v2\/users\/1"}],"replies":[{"embeddable":true,"href":"https:\/\/encuentroinformativo.com.mx\/index.php?rest_route=%2Fwp%2Fv2%2Fcomments&post=34052"}],"version-history":[{"count":1,"href":"https:\/\/encuentroinformativo.com.mx\/index.php?rest_route=\/wp\/v2\/posts\/34052\/revisions"}],"predecessor-version":[{"id":34054,"href":"https:\/\/encuentroinformativo.com.mx\/index.php?rest_route=\/wp\/v2\/posts\/34052\/revisions\/34054"}],"wp:featuredmedia":[{"embeddable":true,"href":"https:\/\/encuentroinformativo.com.mx\/index.php?rest_route=\/wp\/v2\/media\/34053"}],"wp:attachment":[{"href":"https:\/\/encuentroinformativo.com.mx\/index.php?rest_route=%2Fwp%2Fv2%2Fmedia&parent=34052"}],"wp:term":[{"taxonomy":"category","embeddable":true,"href":"https:\/\/encuentroinformativo.com.mx\/index.php?rest_route=%2Fwp%2Fv2%2Fcategories&post=34052"},{"taxonomy":"post_tag","embeddable":true,"href":"https:\/\/encuentroinformativo.com.mx\/index.php?rest_route=%2Fwp%2Fv2%2Ftags&post=34052"}],"curies":[{"name":"wp","href":"https:\/\/api.w.org\/{rel}","templated":true}]}}