{"id":34055,"date":"2022-12-02T09:22:59","date_gmt":"2022-12-02T15:22:59","guid":{"rendered":"https:\/\/encuentroinformativo.com.mx\/?p=34055"},"modified":"2022-12-02T10:24:22","modified_gmt":"2022-12-02T16:24:22","slug":"medellin-tendra-por-primera-vez-villa-navidena","status":"publish","type":"post","link":"https:\/\/encuentroinformativo.com.mx\/?p=34055","title":{"rendered":"Medell\u00edn tendr\u00e1 por primera vez Villa Navide\u00f1a"},"content":{"rendered":"\n<p><strong>Alejandro \u00c1vila<\/strong><\/p>\n\n\n\n<p>Medell\u00edn de Bravo, Ver.- Por primera vez en su historia el municipio de Medell\u00edn de Bravo tendr\u00e1 una Villa Navide\u00f1a, la cual estar\u00e1 disponible para los ciudadanos y turistas los fines de semana.<\/p>\n\n\n\n<p>Este jueves por la noche se llev\u00f3 a cabo el encendido de la Villa y el \u00c1rbol de Navidad en el parque Nicol\u00e1s Bravo de la cabecera municipal; en el cual estuvieron presentes el alcalde Marcos Isle\u00f1o Andrade y la directora del DIF estatal, Rebeca Quintanar Barcel\u00f3.<\/p>\n\n\n\n<p>El mun\u00edcipe se dijo muy contento de poder traer por primera vez al municipio este espacio lleno de magia y luz, el cual podr\u00e1 ser visitado todos los s\u00e1bados y domingos de diciembre de 6 de la tarde a 10 de la noche.<\/p>\n\n\n\n<p>&#8220;Gracias a todos por acompa\u00f1arnos; estoy muy contento de hacer este evento por primera vez en Medell\u00edn pues uno de nuestros objetivos es el rescate de las tradiciones\u201d, coment\u00f3.<\/p>\n\n\n\n<p>Luego de la ceremonia de encendido del \u00e1rbol de navidad, los presentes disfrutaron con gran j\u00fabilo de un espect\u00e1culo de juegos pirot\u00e9cnicos, as\u00ed como de la presentaci\u00f3n en vivo del tenor \u00c1ngel Dolmance.&nbsp;<\/p>\n\n\n\n<p>Posteriormente, las familias disfrutaron de villancicos navide\u00f1os y cuentos a cargo de los duendes de Santa, mientras realizaban recorridos por la villa tom\u00e1ndose fotos para el recuerdo.&nbsp;<\/p>\n\n\n\n<p>La villa Iluminada cuenta con diversos estaciones como la casa y taller de Santa, una casa de jengibre, la dulcer\u00eda de Santa, recorrido en tren el\u00e9ctrico y un gran nacimiento al pie de la parroquia de San Miguel Arc\u00e1ngel.&nbsp;<\/p>\n\n\n\n<p>Esta atracci\u00f3n permanecer\u00e1 abierta al p\u00fablico todos los s\u00e1bados y domingos de diciembre de 6 de la tarde a 10 de la noche y el acceso es completamente gratuito para todas las edades.<\/p>\n","protected":false},"excerpt":{"rendered":"<p>Alejandro \u00c1vila Medell\u00edn de Bravo, Ver.- Por primera vez en su historia el municipio de Medell\u00edn de Bravo tendr\u00e1 una Villa Navide\u00f1a, la cual estar\u00e1 disponible para los ciudadanos y turistas los fines de semana. Este jueves por la noche se llev\u00f3 a cabo el encendido de la Villa y el \u00c1rbol de Navidad en [&hellip;]<\/p>\n","protected":false},"author":1,"featured_media":34056,"comment_status":"open","ping_status":"open","sticky":false,"template":"","format":"standard","meta":{"_jetpack_memberships_contains_paid_content":false,"footnotes":""},"categories":[2],"tags":[],"class_list":["post-34055","post","type-post","status-publish","format-standard","has-post-thumbnail","hentry","category-estado"],"jetpack_featured_media_url":"https:\/\/encuentroinformativo.com.mx\/wp-content\/uploads\/2022\/12\/C06B09DC-08C1-4060-835F-5E2994DAF084.jpeg","jetpack_sharing_enabled":true,"jetpack_likes_enabled":true,"amp_enabled":true,"_links":{"self":[{"href":"https:\/\/encuentroinformativo.com.mx\/index.php?rest_route=\/wp\/v2\/posts\/34055","targetHints":{"allow":["GET"]}}],"collection":[{"href":"https:\/\/encuentroinformativo.com.mx\/index.php?rest_route=\/wp\/v2\/posts"}],"about":[{"href":"https:\/\/encuentroinformativo.com.mx\/index.php?rest_route=\/wp\/v2\/types\/post"}],"author":[{"embeddable":true,"href":"https:\/\/encuentroinformativo.com.mx\/index.php?rest_route=\/wp\/v2\/users\/1"}],"replies":[{"embeddable":true,"href":"https:\/\/encuentroinformativo.com.mx\/index.php?rest_route=%2Fwp%2Fv2%2Fcomments&post=34055"}],"version-history":[{"count":1,"href":"https:\/\/encuentroinformativo.com.mx\/index.php?rest_route=\/wp\/v2\/posts\/34055\/revisions"}],"predecessor-version":[{"id":34057,"href":"https:\/\/encuentroinformativo.com.mx\/index.php?rest_route=\/wp\/v2\/posts\/34055\/revisions\/34057"}],"wp:featuredmedia":[{"embeddable":true,"href":"https:\/\/encuentroinformativo.com.mx\/index.php?rest_route=\/wp\/v2\/media\/34056"}],"wp:attachment":[{"href":"https:\/\/encuentroinformativo.com.mx\/index.php?rest_route=%2Fwp%2Fv2%2Fmedia&parent=34055"}],"wp:term":[{"taxonomy":"category","embeddable":true,"href":"https:\/\/encuentroinformativo.com.mx\/index.php?rest_route=%2Fwp%2Fv2%2Fcategories&post=34055"},{"taxonomy":"post_tag","embeddable":true,"href":"https:\/\/encuentroinformativo.com.mx\/index.php?rest_route=%2Fwp%2Fv2%2Ftags&post=34055"}],"curies":[{"name":"wp","href":"https:\/\/api.w.org\/{rel}","templated":true}]}}