{"id":34066,"date":"2022-12-02T13:11:33","date_gmt":"2022-12-02T19:11:33","guid":{"rendered":"https:\/\/encuentroinformativo.com.mx\/?p=34066"},"modified":"2022-12-02T13:11:37","modified_gmt":"2022-12-02T19:11:37","slug":"invitan-a-marcha-por-la-liberacion-de-mexico","status":"publish","type":"post","link":"https:\/\/encuentroinformativo.com.mx\/?p=34066","title":{"rendered":"Invitan a marcha \u2018Por la liberaci\u00f3n de M\u00e9xico\u2019"},"content":{"rendered":"\n<p><strong>Dar\u00edo Pale <\/strong><\/p>\n\n\n\n<p>Xalapa, Ver.- Invitan a la ciudadan\u00eda para que se sume a la marcha del pr\u00f3ximo domingo denominada &#8220;Por la Liberaci\u00f3n de M\u00e9xico&#8221;, ser\u00e1 a las 10 de la ma\u00f1ana y saldr\u00e1 del teatro del estado a la Plaza Lerdo, as\u00ed lo inform\u00f3 Nilda Ria\u00f1o Rodr\u00edguez, coordinadora de Frena en Xalapa.<\/p>\n\n\n\n<p>En conferencia de prensa se\u00f1al\u00f3 que, &#8220;vamos a marchar no nada m\u00e1s en defensa del INE, sino en defensa de nuestros ni\u00f1os y las mujeres que no tienen medicinas para el c\u00e1ncer&#8221;.<\/p>\n\n\n\n<p>Adem\u00e1s, coment\u00f3 que el Seguro Popular fue destruido y 15 millones de personas se quedaron sin servicios m\u00e9dicos.<\/p>\n\n\n\n<p>&#8220;Por todo eso vamos a protestar y queremos la renuncia de L\u00f3pez Obrador, porque quito guarder\u00edas, refugios para mujeres, porque las instituciones las ha destruido, le falta el INE, lo est\u00e1 lastimando, le quit\u00f3 presupuesto y est\u00e1 en debate la reforma electoral&#8221;, se\u00f1al\u00f3.<\/p>\n\n\n\n<p>Tambi\u00e9n dijo que ha quitado fideicomisos y est\u00e1 &#8220;matando al pueblo de hambre&#8221;, de manera que hay m\u00e1s de cuatro millones de pobres en tan s\u00f3lo cuatro a\u00f1os y consider\u00f3 que para las elecciones de 2024 habr\u00eda un presunto fraude electoral, por eso llam\u00f3 a la poblaci\u00f3n a marchar.<\/p>\n\n\n\n<p>En cuanto a las declaraciones del presidente de M\u00e9xico Andr\u00e9s Manuel L\u00f3pez Obrador \u00a0donde minimiz\u00f3 las denuncias que interpusieron en contra del acarreo coment\u00f3 que, piensa que el Tribunal Federal Electoral (TRIFE), ya est\u00e1 comprado, pero tiene todo el derecho de defender a los ciudadanos m\u00e1s en marchas pac\u00edficas.<\/p>\n\n\n\n<p>Finalmente coment\u00f3 que la marcha de AMLO a todas luces fue de portas personas acarreadas y gastaron m\u00e1s de cien mil millones de pesos en autobuses ya que en la Ciudad de M\u00e9xico no cab\u00eda nada todo estaba lleno de autobuses.<\/p>\n","protected":false},"excerpt":{"rendered":"<p>Dar\u00edo Pale Xalapa, Ver.- Invitan a la ciudadan\u00eda para que se sume a la marcha del pr\u00f3ximo domingo denominada &#8220;Por la Liberaci\u00f3n de M\u00e9xico&#8221;, ser\u00e1 a las 10 de la ma\u00f1ana y saldr\u00e1 del teatro del estado a la Plaza Lerdo, as\u00ed lo inform\u00f3 Nilda Ria\u00f1o Rodr\u00edguez, coordinadora de Frena en Xalapa. En conferencia de [&hellip;]<\/p>\n","protected":false},"author":1,"featured_media":34067,"comment_status":"open","ping_status":"open","sticky":false,"template":"","format":"standard","meta":{"_jetpack_memberships_contains_paid_content":false,"footnotes":""},"categories":[3],"tags":[],"class_list":["post-34066","post","type-post","status-publish","format-standard","has-post-thumbnail","hentry","category-xalapa"],"jetpack_featured_media_url":"https:\/\/encuentroinformativo.com.mx\/wp-content\/uploads\/2022\/12\/9AF3FF24-525F-4408-BE3F-836063BB3961.jpeg","jetpack_sharing_enabled":true,"jetpack_likes_enabled":true,"amp_enabled":true,"_links":{"self":[{"href":"https:\/\/encuentroinformativo.com.mx\/index.php?rest_route=\/wp\/v2\/posts\/34066","targetHints":{"allow":["GET"]}}],"collection":[{"href":"https:\/\/encuentroinformativo.com.mx\/index.php?rest_route=\/wp\/v2\/posts"}],"about":[{"href":"https:\/\/encuentroinformativo.com.mx\/index.php?rest_route=\/wp\/v2\/types\/post"}],"author":[{"embeddable":true,"href":"https:\/\/encuentroinformativo.com.mx\/index.php?rest_route=\/wp\/v2\/users\/1"}],"replies":[{"embeddable":true,"href":"https:\/\/encuentroinformativo.com.mx\/index.php?rest_route=%2Fwp%2Fv2%2Fcomments&post=34066"}],"version-history":[{"count":1,"href":"https:\/\/encuentroinformativo.com.mx\/index.php?rest_route=\/wp\/v2\/posts\/34066\/revisions"}],"predecessor-version":[{"id":34068,"href":"https:\/\/encuentroinformativo.com.mx\/index.php?rest_route=\/wp\/v2\/posts\/34066\/revisions\/34068"}],"wp:featuredmedia":[{"embeddable":true,"href":"https:\/\/encuentroinformativo.com.mx\/index.php?rest_route=\/wp\/v2\/media\/34067"}],"wp:attachment":[{"href":"https:\/\/encuentroinformativo.com.mx\/index.php?rest_route=%2Fwp%2Fv2%2Fmedia&parent=34066"}],"wp:term":[{"taxonomy":"category","embeddable":true,"href":"https:\/\/encuentroinformativo.com.mx\/index.php?rest_route=%2Fwp%2Fv2%2Fcategories&post=34066"},{"taxonomy":"post_tag","embeddable":true,"href":"https:\/\/encuentroinformativo.com.mx\/index.php?rest_route=%2Fwp%2Fv2%2Ftags&post=34066"}],"curies":[{"name":"wp","href":"https:\/\/api.w.org\/{rel}","templated":true}]}}