{"id":34069,"date":"2022-12-02T13:29:11","date_gmt":"2022-12-02T19:29:11","guid":{"rendered":"https:\/\/encuentroinformativo.com.mx\/?p=34069"},"modified":"2022-12-02T13:29:15","modified_gmt":"2022-12-02T19:29:15","slug":"recuerdan-a-victimas-de-crimenes-de-transfobia","status":"publish","type":"post","link":"https:\/\/encuentroinformativo.com.mx\/?p=34069","title":{"rendered":"Recuerdan a v\u00edctimas de cr\u00edmenes de transfobia"},"content":{"rendered":"\n<p><strong>Juan Arcos<\/strong><\/p>\n\n\n\n<p>Xalapa, Ver.- Los cr\u00edmenes de odio por homofobia y transfobia contin\u00faan siendo constantes en el estado de Veracruz, donde la mayor\u00eda han quedado impunes, lament\u00f3 Jocelyn Paulina Rodr\u00edguez Rodr\u00edguez, quien acudi\u00f3 como invitada al Primer Foro por la Remembranza Trans 2022.<\/p>\n\n\n\n<p>El evento se llev\u00f3 a cabo en el Centro Recreativo de Xalapa con la participaci\u00f3n de diversas personalidades defensoras de los derechos de la comunidad diversa.<\/p>\n\n\n\n<p>En entrevista previa, Jocelyn, coordinadora estatal de Casa de Mu\u00f1ecas Tiresias (CAMTAC) en Veracruz, destac\u00f3 la importancia de recordar a sus amigas que han sido asesinadas por la incesante violencia que enfrenta dicho sector de la poblaci\u00f3n.<\/p>\n\n\n\n<p>\u201cMe invitaron a participar en el evento, dando una rese\u00f1a sobre la remembranza trans, para recordar a nuestras amigas que han sido asesinadas\u201d, enfatiz\u00f3.<\/p>\n\n\n\n<p>El objetivo del evento es visibilizar y sensibilizar a la poblaci\u00f3n sobre los cr\u00edmenes de odio por homofobia y transfobia.<\/p>\n\n\n\n<p>\u201cHace falta unirnos todas para tener un mayor auge y abramos m\u00e1s la mente de las dem\u00e1s personas para que haya una aceptaci\u00f3n mutua ante la sociedad y vaya cambiando esa parte\u201d, a\u00f1adi\u00f3 Jocelyn Rodr\u00edguez.<\/p>\n\n\n\n<p>La defensora enfatiz\u00f3 que los integrantes de la comunidad diversa contin\u00faan enfrent\u00e1ndose a una gran discriminaci\u00f3n y comentarios de odio que promueven la violencia.<\/p>\n\n\n\n<p>En el evento tambi\u00e9n estuvieron presentes Benjam\u00edn Callejas Hern\u00e1ndez, presidente de la coalici\u00f3n estatal de la comunidad diversa; Silvia Susana J\u00e1come, como representante del Sistema para el Desarrollo Integran de la Familia (DIF) de Xalapa; y Te\u00f3filo Cancela B\u00e1ez, del colectivo Egalit\u00e9 et Justice, por mencionar algunos.<\/p>\n","protected":false},"excerpt":{"rendered":"<p>Juan Arcos Xalapa, Ver.- Los cr\u00edmenes de odio por homofobia y transfobia contin\u00faan siendo constantes en el estado de Veracruz, donde la mayor\u00eda han quedado impunes, lament\u00f3 Jocelyn Paulina Rodr\u00edguez Rodr\u00edguez, quien acudi\u00f3 como invitada al Primer Foro por la Remembranza Trans 2022. El evento se llev\u00f3 a cabo en el Centro Recreativo de Xalapa [&hellip;]<\/p>\n","protected":false},"author":1,"featured_media":34071,"comment_status":"open","ping_status":"open","sticky":false,"template":"","format":"standard","meta":{"_jetpack_memberships_contains_paid_content":false,"footnotes":""},"categories":[3],"tags":[],"class_list":["post-34069","post","type-post","status-publish","format-standard","has-post-thumbnail","hentry","category-xalapa"],"jetpack_featured_media_url":"https:\/\/encuentroinformativo.com.mx\/wp-content\/uploads\/2022\/12\/A9F2C130-772F-4636-BF30-CA0E63B880B0.jpeg","jetpack_sharing_enabled":true,"jetpack_likes_enabled":true,"amp_enabled":true,"_links":{"self":[{"href":"https:\/\/encuentroinformativo.com.mx\/index.php?rest_route=\/wp\/v2\/posts\/34069","targetHints":{"allow":["GET"]}}],"collection":[{"href":"https:\/\/encuentroinformativo.com.mx\/index.php?rest_route=\/wp\/v2\/posts"}],"about":[{"href":"https:\/\/encuentroinformativo.com.mx\/index.php?rest_route=\/wp\/v2\/types\/post"}],"author":[{"embeddable":true,"href":"https:\/\/encuentroinformativo.com.mx\/index.php?rest_route=\/wp\/v2\/users\/1"}],"replies":[{"embeddable":true,"href":"https:\/\/encuentroinformativo.com.mx\/index.php?rest_route=%2Fwp%2Fv2%2Fcomments&post=34069"}],"version-history":[{"count":1,"href":"https:\/\/encuentroinformativo.com.mx\/index.php?rest_route=\/wp\/v2\/posts\/34069\/revisions"}],"predecessor-version":[{"id":34072,"href":"https:\/\/encuentroinformativo.com.mx\/index.php?rest_route=\/wp\/v2\/posts\/34069\/revisions\/34072"}],"wp:featuredmedia":[{"embeddable":true,"href":"https:\/\/encuentroinformativo.com.mx\/index.php?rest_route=\/wp\/v2\/media\/34071"}],"wp:attachment":[{"href":"https:\/\/encuentroinformativo.com.mx\/index.php?rest_route=%2Fwp%2Fv2%2Fmedia&parent=34069"}],"wp:term":[{"taxonomy":"category","embeddable":true,"href":"https:\/\/encuentroinformativo.com.mx\/index.php?rest_route=%2Fwp%2Fv2%2Fcategories&post=34069"},{"taxonomy":"post_tag","embeddable":true,"href":"https:\/\/encuentroinformativo.com.mx\/index.php?rest_route=%2Fwp%2Fv2%2Ftags&post=34069"}],"curies":[{"name":"wp","href":"https:\/\/api.w.org\/{rel}","templated":true}]}}