{"id":34096,"date":"2022-12-04T18:12:57","date_gmt":"2022-12-05T00:12:57","guid":{"rendered":"https:\/\/encuentroinformativo.com.mx\/?p=34096"},"modified":"2022-12-04T18:13:02","modified_gmt":"2022-12-05T00:13:02","slug":"democracia-violenta","status":"publish","type":"post","link":"https:\/\/encuentroinformativo.com.mx\/?p=34096","title":{"rendered":"Democracia violenta"},"content":{"rendered":"\n<p><strong>Revelaciones<\/strong><\/p>\n\n\n\n<p><strong>Margarito Escudero Luis<\/strong><\/p>\n\n\n\n<p>\u201cEl concepto democracia genera miedo\u2026\u201d es una de las oraciones con que Jos\u00e9 Luis Ortega Vidal inicia su libro Democracia Violenta y se refiere a aquellos personajes que detentan el poder y aquellos quienes lo buscan.<\/p>\n\n\n\n<p>Quien posee el poder, en el juego democr\u00e1tico, teme perderlo y quien lo busca en medio de ese mismo juego, se llena de miedo cuando el poderoso lo persigue.<\/p>\n\n\n\n<p>Jos\u00e9 Luis Ortega Vidal es periodista comprometido con su vocaci\u00f3n y la lleva al extremo de lo pol\u00edticamente incorrecto; observa el desarrollo de los acontecimientos sociales y pol\u00edticos, los analiza y concluye ofreciendo sus resultados en este libro, donde tambi\u00e9n afirma que, aquel que busca el poder y logra tenerlo gracias a un proceso electoral, teme no saber qu\u00e9 hacer con \u00e9l.<\/p>\n\n\n\n<p>Y se remonta a los or\u00edgenes del r\u00e9gimen que condujo la pol\u00edtica mexicana a lo largo de ocho d\u00e9cadas, del M\u00e9xico posrevolucionario hasta nuestros d\u00edas.<\/p>\n\n\n\n<p>Hace hincapi\u00e9 en los hechos ocurridos en la historia reciente de la regi\u00f3n sur del estado de Veracruz, donde la lucha por el poder ha sido sangrienta y los cacicazgos marcaron la pauta creando personajes de horca y cuchillo.<\/p>\n\n\n\n<p>Democracia violenta tiene datos, muchos datos. El autor se sumerge en la investigaci\u00f3n de los hechos publicados en diversos medios locales y nacionales y va dando forma a una historia contada desde una perspectiva period\u00edstica, abarcando todos los hilos, evitando la parcialidad.<\/p>\n\n\n\n<p>Sin embargo, la balanza se inclina hacia la tragedia, hacia hechos violentos, asesinatos, desapariciones, secuestros, persecuciones, antes de poder enunciar un argumento que hable de avance social.<\/p>\n\n\n\n<p>El an\u00e1lisis desde una sola perspectiva no tiene un sentido \u00fatil, pr\u00e1ctico y equivaldr\u00eda a buscar un resultado convenenciero. El sesgo ser\u00eda obvio, alejado del contexto real del todo que se pretende analizar.<\/p>\n\n\n\n<p>No todo es privativo del sur de Veracruz, el autor aclara que hay ra\u00edces de estos procesos en todo el pa\u00eds, menciona a las 350 mil personas asesinadas y m\u00e1s de 70 mil desaparecidos en el conteo hecho hasta 2021.<\/p>\n\n\n\n<p>El texto en general es muy interesante, menciona esas luchas por el poder donde la ideolog\u00eda se convirti\u00f3 en ambici\u00f3n, haciendo de lado cualquier intenci\u00f3n de llevar al pa\u00eds y a la sociedad por caminos de progreso y bienestar, afirma que el siglo pasado fue la cuna del abandono democr\u00e1tico de M\u00e9xico.<\/p>\n\n\n\n<p>Es claro que no se trata de un tema completamente acabado, podemos estar o no de acuerdo con sus conclusiones y eso permite abrir un debate intenso sobre nuestra realidad en la que los grupos de poder existen como herencia de un pasado caciquil y que las estructuras de aquel r\u00e9gimen a\u00fan existen revueltos con los esquemas que hoy rigen y se confunden entre aquellos que buscan volver al sendero democr\u00e1tico de la naci\u00f3n, generando programas que beneficien a todos los mexicanos y los que solamente buscan no perder los privilegios que brinda estar encaramados en los cargos p\u00fablicos.<\/p>\n\n\n\n<p>Democracia Violenta, un texto de casi 300 p\u00e1ginas, es la aportaci\u00f3n de Jos\u00e9 Luis Ortega Vidal al debate pol\u00edtico mexicano, libro hecho con mucho esfuerzo, con sus propios recursos, pues no hay pol\u00edtico o instituci\u00f3n que permita este tipo de an\u00e1lisis, pues como se dice al principio, \u201cel concepto democracia genera miedo\u2026\u201d<\/p>\n","protected":false},"excerpt":{"rendered":"<p>Revelaciones Margarito Escudero Luis \u201cEl concepto democracia genera miedo\u2026\u201d es una de las oraciones con que Jos\u00e9 Luis Ortega Vidal inicia su libro Democracia Violenta y se refiere a aquellos personajes que detentan el poder y aquellos quienes lo buscan. Quien posee el poder, en el juego democr\u00e1tico, teme perderlo y quien lo busca en [&hellip;]<\/p>\n","protected":false},"author":1,"featured_media":387,"comment_status":"open","ping_status":"open","sticky":false,"template":"","format":"standard","meta":{"_jetpack_memberships_contains_paid_content":false,"footnotes":""},"categories":[11],"tags":[],"class_list":["post-34096","post","type-post","status-publish","format-standard","has-post-thumbnail","hentry","category-opinion"],"jetpack_featured_media_url":"https:\/\/encuentroinformativo.com.mx\/wp-content\/uploads\/2020\/03\/7CF8A22B-2764-47BE-8F7F-38FE9E5D6A2F.jpeg","jetpack_sharing_enabled":true,"jetpack_likes_enabled":true,"amp_enabled":true,"_links":{"self":[{"href":"https:\/\/encuentroinformativo.com.mx\/index.php?rest_route=\/wp\/v2\/posts\/34096","targetHints":{"allow":["GET"]}}],"collection":[{"href":"https:\/\/encuentroinformativo.com.mx\/index.php?rest_route=\/wp\/v2\/posts"}],"about":[{"href":"https:\/\/encuentroinformativo.com.mx\/index.php?rest_route=\/wp\/v2\/types\/post"}],"author":[{"embeddable":true,"href":"https:\/\/encuentroinformativo.com.mx\/index.php?rest_route=\/wp\/v2\/users\/1"}],"replies":[{"embeddable":true,"href":"https:\/\/encuentroinformativo.com.mx\/index.php?rest_route=%2Fwp%2Fv2%2Fcomments&post=34096"}],"version-history":[{"count":1,"href":"https:\/\/encuentroinformativo.com.mx\/index.php?rest_route=\/wp\/v2\/posts\/34096\/revisions"}],"predecessor-version":[{"id":34097,"href":"https:\/\/encuentroinformativo.com.mx\/index.php?rest_route=\/wp\/v2\/posts\/34096\/revisions\/34097"}],"wp:featuredmedia":[{"embeddable":true,"href":"https:\/\/encuentroinformativo.com.mx\/index.php?rest_route=\/wp\/v2\/media\/387"}],"wp:attachment":[{"href":"https:\/\/encuentroinformativo.com.mx\/index.php?rest_route=%2Fwp%2Fv2%2Fmedia&parent=34096"}],"wp:term":[{"taxonomy":"category","embeddable":true,"href":"https:\/\/encuentroinformativo.com.mx\/index.php?rest_route=%2Fwp%2Fv2%2Fcategories&post=34096"},{"taxonomy":"post_tag","embeddable":true,"href":"https:\/\/encuentroinformativo.com.mx\/index.php?rest_route=%2Fwp%2Fv2%2Ftags&post=34096"}],"curies":[{"name":"wp","href":"https:\/\/api.w.org\/{rel}","templated":true}]}}