{"id":34098,"date":"2022-12-04T18:30:26","date_gmt":"2022-12-05T00:30:26","guid":{"rendered":"https:\/\/encuentroinformativo.com.mx\/?p=34098"},"modified":"2022-12-04T18:30:30","modified_gmt":"2022-12-05T00:30:30","slug":"colectivos-feministas-reclaman-justicia-para-rosa-isela","status":"publish","type":"post","link":"https:\/\/encuentroinformativo.com.mx\/?p=34098","title":{"rendered":"Colectivos feministas reclaman justicia para Rosa Isela"},"content":{"rendered":"\n<p><strong>Juan Arcos<\/strong><\/p>\n\n\n\n<p>Xalapa, Ver.- Colectivos feministas de Veracruz exigieron justicia para Rosa Isela, v\u00edctima de feminicidio, quien se encontraba en estado de gestaci\u00f3n y fue hallada sin vida, con la presunci\u00f3n de que su beb\u00e9 fue sustra\u00eddo antes de asesinarla.<\/p>\n\n\n\n<p>El pasado 30 de noviembre, la joven, de 20 a\u00f1os, sali\u00f3 de su domicilio para encontrarse con una mujer que contact\u00f3 a trav\u00e9s de Facebook y que supuestamente le donar\u00eda ropa para su beb\u00e9.<\/p>\n\n\n\n<p>El s\u00e1bado 3 de diciembre, la Fiscal\u00eda General del Estado (FGE) revel\u00f3 la detenci\u00f3n de Gonzalo \u201cN\u201d y Ver\u00f3nica \u201cN\u201d como presuntos responsables del delito de desaparici\u00f3n en agravio de Rosa Isela.<\/p>\n\n\n\n<p>Los sospechosos fueron capturados en la prolongaci\u00f3n Las Bajadas del municipio de Veracruz. Al momento de su detenci\u00f3n, ten\u00edan consigo a una menor reci\u00e9n nacida, quien fue rescatada y ya recibe atenci\u00f3n de las autoridades correspondientes.<\/p>\n\n\n\n<p>Autoridades estatales indicaron que el cuerpo de Rosa Isela fue encontrado en el rancho \u201cLos Arrieros\u201d de la localidad Rancho del Padre, del municipio de Medell\u00edn de Bravo, quien ya fue reconocida por sus familiares.<\/p>\n\n\n\n<p>Las feministas denunciaron que este y otros casos corresponden a una violencia sistem\u00e1tica de g\u00e9nero registrada en el estado de Veracruz.<\/p>\n\n\n\n<p>\u201cEn este contexto, la articulaci\u00f3n de defensoras Veracruz, conformada por agrupaciones de todo el estado, exigimos la atenci\u00f3n inmediata al caso de Rosa Isela N., v\u00edctima de feminicidio, y de todos los casos de feminicidios que se han estado suscitando en el Estado de Veracruz\u201d, enfatizaron.<\/p>\n\n\n\n<p>Exigieron que las investigaciones de estos delitos se realicen en apego al debido proceso y con perspectiva de g\u00e9nero, que implica una investigaci\u00f3n respetuosa de los derechos de los familiares de las v\u00edctimas, y el acceso pleno a la justicia de las v\u00edctimas de feminicidio.<\/p>\n\n\n\n<p>Recordaron que, desde hace una d\u00e9cada, Veracruz es uno de los estados con mayor \u00edndice de violencia de g\u00e9nero y es el \u00fanico en el que ya se han decretado dos alertas, una por violencia de g\u00e9nero y otra por agravio comparado, que reflejan el alto grado de vulnerabilidad y violencia contra las veracruzanas.<\/p>\n\n\n\n<p>Sin embargo, desde 2019 se est\u00e1 impulsando una tercera alerta de g\u00e9nero por desaparici\u00f3n forzada ante el grave contexto en que viven las mujeres en todo el estado.<\/p>\n\n\n\n<p>De 2018 a la fecha se tienen registrados diversos casos donde las mujeres, adolecentes y ni\u00f1as, cuya edad oscila entre los 17 y 23 a\u00f1os, con un estado de gestaci\u00f3n avanzada, en los municipios de Coatzacoalcos, Veracruz y Alvarado por mencionar algunos, han sido asesinadas con extrema violencia, sin que haya una l\u00ednea de investigaci\u00f3n clara que atienda no solo el feminicidio sino posibles delitos de trata de personas y otros delitos de alto impacto que afectan el derecho de todas las veracruzanas a una vida libre de violencia.<\/p>\n\n\n\n<p>\u201cDesafortunadamente, con el caso de Rosa Isela N, se demuestra la situaci\u00f3n de violencia feminicida en el Estado de Veracruz, por lo que, como sociedad civil organizada estaremos pendientes y en exigencia de verdad y justicia para este caso, solicitando a la fiscal\u00eda del estado veracruzano que realice una investigaci\u00f3n totalmente apegada a los criterios y protocolos de justicia y los est\u00e1ndares internacionales en materia de derechos de las mujeres\u201d, manifestaron.<\/p>\n\n\n\n<p>El pronunciamiento fue firmado por las organizaciones civiles Articulaci\u00f3n Veracruz, Colectivo Akelarre, Marea Verde Totonacapan, Colectiva Colmena Verde, Pas, Colectivo Feminista Cihuatlactolli y\u00a0Despacho Cuervo Torres Ixhuatl\u00e1n de Madero.<\/p>\n","protected":false},"excerpt":{"rendered":"<p>Juan Arcos Xalapa, Ver.- Colectivos feministas de Veracruz exigieron justicia para Rosa Isela, v\u00edctima de feminicidio, quien se encontraba en estado de gestaci\u00f3n y fue hallada sin vida, con la presunci\u00f3n de que su beb\u00e9 fue sustra\u00eddo antes de asesinarla. El pasado 30 de noviembre, la joven, de 20 a\u00f1os, sali\u00f3 de su domicilio para [&hellip;]<\/p>\n","protected":false},"author":1,"featured_media":34099,"comment_status":"open","ping_status":"open","sticky":false,"template":"","format":"standard","meta":{"_jetpack_memberships_contains_paid_content":false,"footnotes":""},"categories":[2],"tags":[],"class_list":["post-34098","post","type-post","status-publish","format-standard","has-post-thumbnail","hentry","category-estado"],"jetpack_featured_media_url":"https:\/\/encuentroinformativo.com.mx\/wp-content\/uploads\/2022\/12\/4132CD0E-F2D7-4882-8445-78F06C0D1552.jpeg","jetpack_sharing_enabled":true,"jetpack_likes_enabled":true,"amp_enabled":true,"_links":{"self":[{"href":"https:\/\/encuentroinformativo.com.mx\/index.php?rest_route=\/wp\/v2\/posts\/34098","targetHints":{"allow":["GET"]}}],"collection":[{"href":"https:\/\/encuentroinformativo.com.mx\/index.php?rest_route=\/wp\/v2\/posts"}],"about":[{"href":"https:\/\/encuentroinformativo.com.mx\/index.php?rest_route=\/wp\/v2\/types\/post"}],"author":[{"embeddable":true,"href":"https:\/\/encuentroinformativo.com.mx\/index.php?rest_route=\/wp\/v2\/users\/1"}],"replies":[{"embeddable":true,"href":"https:\/\/encuentroinformativo.com.mx\/index.php?rest_route=%2Fwp%2Fv2%2Fcomments&post=34098"}],"version-history":[{"count":1,"href":"https:\/\/encuentroinformativo.com.mx\/index.php?rest_route=\/wp\/v2\/posts\/34098\/revisions"}],"predecessor-version":[{"id":34100,"href":"https:\/\/encuentroinformativo.com.mx\/index.php?rest_route=\/wp\/v2\/posts\/34098\/revisions\/34100"}],"wp:featuredmedia":[{"embeddable":true,"href":"https:\/\/encuentroinformativo.com.mx\/index.php?rest_route=\/wp\/v2\/media\/34099"}],"wp:attachment":[{"href":"https:\/\/encuentroinformativo.com.mx\/index.php?rest_route=%2Fwp%2Fv2%2Fmedia&parent=34098"}],"wp:term":[{"taxonomy":"category","embeddable":true,"href":"https:\/\/encuentroinformativo.com.mx\/index.php?rest_route=%2Fwp%2Fv2%2Fcategories&post=34098"},{"taxonomy":"post_tag","embeddable":true,"href":"https:\/\/encuentroinformativo.com.mx\/index.php?rest_route=%2Fwp%2Fv2%2Ftags&post=34098"}],"curies":[{"name":"wp","href":"https:\/\/api.w.org\/{rel}","templated":true}]}}