{"id":34108,"date":"2022-12-05T11:25:58","date_gmt":"2022-12-05T17:25:58","guid":{"rendered":"https:\/\/encuentroinformativo.com.mx\/?p=34108"},"modified":"2022-12-05T11:26:02","modified_gmt":"2022-12-05T17:26:02","slug":"invitan-a-espiritu-navideno-en-xico","status":"publish","type":"post","link":"https:\/\/encuentroinformativo.com.mx\/?p=34108","title":{"rendered":"Invitan a \u2018Esp\u00edritu Navide\u00f1o\u2019 en Xico"},"content":{"rendered":"\n<p><strong>Dar\u00edo Pale<\/strong><\/p>\n\n\n\n<p>Xalapa, Ver.- Gabriela Rold\u00e1n y Tom\u00e1s Ra\u00fal Cervantes Gonz\u00e1lez, presidente del Comit\u00e9 Ciudadano de Pueblos M\u00e1gicos, detallaron que a partir del d\u00eda 16 de diciembre abrir\u00e1n las puertas del bello pueblo para revivir el esp\u00edritu navide\u00f1o.<\/p>\n\n\n\n<p>En conferencia de prensa los vecinos de la calle Hidalgo del municipio de Xico, con el apoyo y facilidades del Ayuntamiento invitan a todas las familia y la poblaci\u00f3n en general a que vivan el evento &#8220;Esp\u00edritu Navide\u00f1o&#8221; en el Pueblo M\u00e1gico.<\/p>\n\n\n\n<p>&#8220;Nuestro principal inter\u00e9s es ambientar las fiestas decembrinas, vivir la Navidad en compa\u00f1\u00eda de nuestros seres queridos y compartir la uni\u00f3n y la fraternidad de estas fechas&#8221;, se\u00f1al\u00f3.<\/p>\n\n\n\n<p>Al respecto, indicaron que durante el proceso de pandemia, la econom\u00eda colaps\u00f3, &#8220;esta acci\u00f3n es una de las que llevaremos a cabo con el objetivo de fortalecer el desarrollo tur\u00edstico, gastron\u00f3mico, artesanal y de la sociedad en su conjunto&#8221;.<\/p>\n\n\n\n<p>En ese sentido, comentaron que el ambiente ser\u00e1 totalmente c\u00e1lido y hospitalario; en el marco de este evento habr\u00e1 eventos culturales, musicales, sets fotogr\u00e1ficos, nacimientos y muchas cosas m\u00e1s.<\/p>\n\n\n\n<p>Las actividades del evento est\u00e1n programadas para desarrollarse a partir del 16 de diciembre cerrando actividades el d\u00eda 8 de enero.<\/p>\n\n\n\n<p>&#8220;Agradecemos la colaboraci\u00f3n de los vecinos de la calle Hidalgo, prestadores de servicios, artesanos, ciudadan\u00eda, el Ayuntamiento, la cadena de valor y el Comit\u00e9 Ciudadano de Pueblos M\u00e1gicos de Xico&#8221;, coment\u00f3.<\/p>\n\n\n\n<p>Finalmente, reiteraron el apoyo desinteresado en sumarse ciudadan\u00eda y gobierno para coadyuvar de esta manera al atractivo navide\u00f1o, a la preservaci\u00f3n de las tradiciones y al embellecimiento del pueblo m\u00e1gico.<\/p>\n","protected":false},"excerpt":{"rendered":"<p>Dar\u00edo Pale Xalapa, Ver.- Gabriela Rold\u00e1n y Tom\u00e1s Ra\u00fal Cervantes Gonz\u00e1lez, presidente del Comit\u00e9 Ciudadano de Pueblos M\u00e1gicos, detallaron que a partir del d\u00eda 16 de diciembre abrir\u00e1n las puertas del bello pueblo para revivir el esp\u00edritu navide\u00f1o. En conferencia de prensa los vecinos de la calle Hidalgo del municipio de Xico, con el apoyo [&hellip;]<\/p>\n","protected":false},"author":1,"featured_media":34109,"comment_status":"open","ping_status":"open","sticky":false,"template":"","format":"standard","meta":{"_jetpack_memberships_contains_paid_content":false,"footnotes":""},"categories":[8],"tags":[],"class_list":["post-34108","post","type-post","status-publish","format-standard","has-post-thumbnail","hentry","category-region"],"jetpack_featured_media_url":"https:\/\/encuentroinformativo.com.mx\/wp-content\/uploads\/2022\/12\/20EA3984-8388-446E-93ED-D26552C7F431.jpeg","jetpack_sharing_enabled":true,"jetpack_likes_enabled":true,"amp_enabled":true,"_links":{"self":[{"href":"https:\/\/encuentroinformativo.com.mx\/index.php?rest_route=\/wp\/v2\/posts\/34108","targetHints":{"allow":["GET"]}}],"collection":[{"href":"https:\/\/encuentroinformativo.com.mx\/index.php?rest_route=\/wp\/v2\/posts"}],"about":[{"href":"https:\/\/encuentroinformativo.com.mx\/index.php?rest_route=\/wp\/v2\/types\/post"}],"author":[{"embeddable":true,"href":"https:\/\/encuentroinformativo.com.mx\/index.php?rest_route=\/wp\/v2\/users\/1"}],"replies":[{"embeddable":true,"href":"https:\/\/encuentroinformativo.com.mx\/index.php?rest_route=%2Fwp%2Fv2%2Fcomments&post=34108"}],"version-history":[{"count":1,"href":"https:\/\/encuentroinformativo.com.mx\/index.php?rest_route=\/wp\/v2\/posts\/34108\/revisions"}],"predecessor-version":[{"id":34110,"href":"https:\/\/encuentroinformativo.com.mx\/index.php?rest_route=\/wp\/v2\/posts\/34108\/revisions\/34110"}],"wp:featuredmedia":[{"embeddable":true,"href":"https:\/\/encuentroinformativo.com.mx\/index.php?rest_route=\/wp\/v2\/media\/34109"}],"wp:attachment":[{"href":"https:\/\/encuentroinformativo.com.mx\/index.php?rest_route=%2Fwp%2Fv2%2Fmedia&parent=34108"}],"wp:term":[{"taxonomy":"category","embeddable":true,"href":"https:\/\/encuentroinformativo.com.mx\/index.php?rest_route=%2Fwp%2Fv2%2Fcategories&post=34108"},{"taxonomy":"post_tag","embeddable":true,"href":"https:\/\/encuentroinformativo.com.mx\/index.php?rest_route=%2Fwp%2Fv2%2Ftags&post=34108"}],"curies":[{"name":"wp","href":"https:\/\/api.w.org\/{rel}","templated":true}]}}