{"id":34114,"date":"2022-12-05T09:03:57","date_gmt":"2022-12-05T15:03:57","guid":{"rendered":"https:\/\/encuentroinformativo.com.mx\/?p=34114"},"modified":"2022-12-05T12:19:30","modified_gmt":"2022-12-05T18:19:30","slug":"insistiremos-en-reduccion-de-tarifas-electricas-senador","status":"publish","type":"post","link":"https:\/\/encuentroinformativo.com.mx\/?p=34114","title":{"rendered":"Insistiremos en reducci\u00f3n de tarifas el\u00e9ctricas: Senador"},"content":{"rendered":"\n<p><strong>Alejandro \u00c1vila<\/strong><\/p>\n\n\n\n<p>Veracruz, Ver.- Los veracruzanos parecen ser tratados como ciudadanos de segunda, acus\u00f3 el Senador, Julen Rementer\u00eda del Puerto, qui\u00e9n solicit\u00f3 que, as\u00ed como lo hicieron con el estado de Tabasco, en la entidad veracruzana se reduzcan las tarifas de energ\u00eda el\u00e9ctrica por parte CFE.<\/p>\n\n\n\n<p>El panista dijo que continuar\u00e1 con su labor para que el gobierno reconozca que debe de reducir las tarifas de electricidad en M\u00e9xico, y aclar\u00f3 qu\u00e9 no es una situaci\u00f3n que lograr\u00e1 la oposici\u00f3n, sino el propio Gobierno Federal<\/p>\n\n\n\n<p>&#8220;Vinieron por aqu\u00ed en d\u00edas recientes, incluso el director de la Comisi\u00f3n Federal de Electricidad, y dice, &#8216;bueno, es que las tarifas no se han incrementado&#8217;. No, no es que queremos que no se incrementen, lo que queremos es que baje, porque la verdad de las cosas es que lo justifica, y hay condiciones que se han dado en otras partes del pa\u00eds como en el caso Tabasco, a qui\u00e9n los tabasque\u00f1os merecen todo nuestro respeto, pero pareciera que aqu\u00ed en Veracruz somos tratados como ciudadanos de segunda. Pero eso no lo podemos seguir permitiendo, lo que hay que hacer es que el gobierno reconozca y sino que asuma el costo, por qu\u00e9 son ellos los responsables de que las tarifas est\u00e9n d\u00f3nde est\u00e1n&#8221;, recalc\u00f3.<\/p>\n\n\n\n<p>Julen Rementer\u00eda mencion\u00f3 que el pr\u00f3ximo jueves ser\u00e1 la comparecencia de la secretaria de Energ\u00eda, Roc\u00edo Nahle Garc\u00eda, y se aprovechar\u00e1 para recordarle sobre el alto costo de las tarifas el\u00e9ctricas, una de las quejas m\u00e1s demandadas por los mexicanos<\/p>\n\n\n\n<p>&#8220;Ah\u00ed la vamos a tener, y ah\u00ed seguramente le vamos a preguntar esto, para ver qu\u00e9 es lo que piensa hacer y cuando lo piensa hacer, y sino que entiendan los veracruzanos qu\u00e9 es por culpa del gobierno, de la secretaria de Energ\u00eda, el que no bajan las tarifas en nuestro estado&#8221;, remat\u00f3.<\/p>\n","protected":false},"excerpt":{"rendered":"<p>Alejandro \u00c1vila Veracruz, Ver.- Los veracruzanos parecen ser tratados como ciudadanos de segunda, acus\u00f3 el Senador, Julen Rementer\u00eda del Puerto, qui\u00e9n solicit\u00f3 que, as\u00ed como lo hicieron con el estado de Tabasco, en la entidad veracruzana se reduzcan las tarifas de energ\u00eda el\u00e9ctrica por parte CFE. El panista dijo que continuar\u00e1 con su labor para [&hellip;]<\/p>\n","protected":false},"author":1,"featured_media":34115,"comment_status":"open","ping_status":"open","sticky":false,"template":"","format":"standard","meta":{"_jetpack_memberships_contains_paid_content":false,"footnotes":""},"categories":[2],"tags":[],"class_list":["post-34114","post","type-post","status-publish","format-standard","has-post-thumbnail","hentry","category-estado"],"jetpack_featured_media_url":"https:\/\/encuentroinformativo.com.mx\/wp-content\/uploads\/2022\/12\/894D9D32-0AF1-4978-9C07-203FAEC5AF39.jpeg","jetpack_sharing_enabled":true,"jetpack_likes_enabled":true,"amp_enabled":true,"_links":{"self":[{"href":"https:\/\/encuentroinformativo.com.mx\/index.php?rest_route=\/wp\/v2\/posts\/34114","targetHints":{"allow":["GET"]}}],"collection":[{"href":"https:\/\/encuentroinformativo.com.mx\/index.php?rest_route=\/wp\/v2\/posts"}],"about":[{"href":"https:\/\/encuentroinformativo.com.mx\/index.php?rest_route=\/wp\/v2\/types\/post"}],"author":[{"embeddable":true,"href":"https:\/\/encuentroinformativo.com.mx\/index.php?rest_route=\/wp\/v2\/users\/1"}],"replies":[{"embeddable":true,"href":"https:\/\/encuentroinformativo.com.mx\/index.php?rest_route=%2Fwp%2Fv2%2Fcomments&post=34114"}],"version-history":[{"count":1,"href":"https:\/\/encuentroinformativo.com.mx\/index.php?rest_route=\/wp\/v2\/posts\/34114\/revisions"}],"predecessor-version":[{"id":34116,"href":"https:\/\/encuentroinformativo.com.mx\/index.php?rest_route=\/wp\/v2\/posts\/34114\/revisions\/34116"}],"wp:featuredmedia":[{"embeddable":true,"href":"https:\/\/encuentroinformativo.com.mx\/index.php?rest_route=\/wp\/v2\/media\/34115"}],"wp:attachment":[{"href":"https:\/\/encuentroinformativo.com.mx\/index.php?rest_route=%2Fwp%2Fv2%2Fmedia&parent=34114"}],"wp:term":[{"taxonomy":"category","embeddable":true,"href":"https:\/\/encuentroinformativo.com.mx\/index.php?rest_route=%2Fwp%2Fv2%2Fcategories&post=34114"},{"taxonomy":"post_tag","embeddable":true,"href":"https:\/\/encuentroinformativo.com.mx\/index.php?rest_route=%2Fwp%2Fv2%2Ftags&post=34114"}],"curies":[{"name":"wp","href":"https:\/\/api.w.org\/{rel}","templated":true}]}}