{"id":34117,"date":"2022-12-05T13:59:53","date_gmt":"2022-12-05T19:59:53","guid":{"rendered":"https:\/\/encuentroinformativo.com.mx\/?p=34117"},"modified":"2022-12-05T13:59:57","modified_gmt":"2022-12-05T19:59:57","slug":"en-tlapacoyan-ejecutan-a-conductor-de-autobus-urbano","status":"publish","type":"post","link":"https:\/\/encuentroinformativo.com.mx\/?p=34117","title":{"rendered":"En Tlapacoyan Ejecutan a conductor de autob\u00fas urbano"},"content":{"rendered":"\n<p><strong>Alejandro \u00c1vila<\/strong><\/p>\n\n\n\n<p>Tlapacoyan, Ver.- El conductor de un autob\u00fas urbano fue ultimado a balazos la noche de este domingo, cuando se dispon\u00eda a subir pasaje en la terminal de segunda en el municipio de Tlapacoyan.<\/p>\n\n\n\n<p>El trabajador del volante cubr\u00eda la ruta Tlapacoyan &#8211; Plan de Arroyos, y justo cuando hizo parada para subir pasaje, un sujeto subi\u00f3 a la unidad para dispararle en varias ocasiones.<\/p>\n\n\n\n<p>A pesar de haber huido del lugar inmediatamente, el agresor fue identificado por varios testigos qui\u00e9nes dieron la ruta de escape; tras un operativo de la Polic\u00eda Municipal y la Secretar\u00eda de Seguridad P\u00fablica, el sujeto fue detenido.<\/p>\n\n\n\n<p>Los param\u00e9dicos de la Cruz Roja que arribaron al lugar, confirmar a un momentos despu\u00e9s el deceso del conductor del autob\u00fas.<\/p>\n\n\n\n<p>Familiares del occiso llegaron tambi\u00e9n a la terminal e identificaron al conductor como Edgar Uriel Hern\u00e1ndez Hern\u00e1ndez de 24 a\u00f1os, vecino de la localidad Cochota.<\/p>\n\n\n\n<p>El sicario fue detenido al interior del minisuper 2000, donde fung\u00eda c\u00f3mo guardia del supermercado, fue indetificado como ex polic\u00eda del IPAX adscrito a Mart\u00ednez de la Torre.<\/p>\n\n\n\n<p>Se inform\u00f3 que el guardia del s\u00faper, sali\u00f3 de su trabajo para disparar con su arma de cargo al ch\u00f3fer del autob\u00fas y darle muerte, para luego regresar de nuevo a su trabajo y hacer que no hab\u00eda pasado nada.<\/p>\n\n\n\n<p>Seg\u00fan familiares, el polic\u00eda del IPAX era vecino del chofer de autob\u00fas, y desde hace meses manten\u00edan un conflicto por un terreno.<\/p>\n\n\n\n<p>El cuerpo fue levantado por personal de servicios periciales y trasladado al SEMEFO para la necropsia de rigor y la unidad enviada al corral\u00f3n.<\/p>\n","protected":false},"excerpt":{"rendered":"<p>Alejandro \u00c1vila Tlapacoyan, Ver.- El conductor de un autob\u00fas urbano fue ultimado a balazos la noche de este domingo, cuando se dispon\u00eda a subir pasaje en la terminal de segunda en el municipio de Tlapacoyan. El trabajador del volante cubr\u00eda la ruta Tlapacoyan &#8211; Plan de Arroyos, y justo cuando hizo parada para subir pasaje, [&hellip;]<\/p>\n","protected":false},"author":1,"featured_media":34118,"comment_status":"open","ping_status":"open","sticky":false,"template":"","format":"standard","meta":{"_jetpack_memberships_contains_paid_content":false,"footnotes":""},"categories":[14],"tags":[],"class_list":["post-34117","post","type-post","status-publish","format-standard","has-post-thumbnail","hentry","category-policiaca"],"jetpack_featured_media_url":"https:\/\/encuentroinformativo.com.mx\/wp-content\/uploads\/2022\/12\/35AC1945-F088-47B9-90ED-E7388F5B3510.jpeg","jetpack_sharing_enabled":true,"jetpack_likes_enabled":true,"amp_enabled":true,"_links":{"self":[{"href":"https:\/\/encuentroinformativo.com.mx\/index.php?rest_route=\/wp\/v2\/posts\/34117","targetHints":{"allow":["GET"]}}],"collection":[{"href":"https:\/\/encuentroinformativo.com.mx\/index.php?rest_route=\/wp\/v2\/posts"}],"about":[{"href":"https:\/\/encuentroinformativo.com.mx\/index.php?rest_route=\/wp\/v2\/types\/post"}],"author":[{"embeddable":true,"href":"https:\/\/encuentroinformativo.com.mx\/index.php?rest_route=\/wp\/v2\/users\/1"}],"replies":[{"embeddable":true,"href":"https:\/\/encuentroinformativo.com.mx\/index.php?rest_route=%2Fwp%2Fv2%2Fcomments&post=34117"}],"version-history":[{"count":1,"href":"https:\/\/encuentroinformativo.com.mx\/index.php?rest_route=\/wp\/v2\/posts\/34117\/revisions"}],"predecessor-version":[{"id":34119,"href":"https:\/\/encuentroinformativo.com.mx\/index.php?rest_route=\/wp\/v2\/posts\/34117\/revisions\/34119"}],"wp:featuredmedia":[{"embeddable":true,"href":"https:\/\/encuentroinformativo.com.mx\/index.php?rest_route=\/wp\/v2\/media\/34118"}],"wp:attachment":[{"href":"https:\/\/encuentroinformativo.com.mx\/index.php?rest_route=%2Fwp%2Fv2%2Fmedia&parent=34117"}],"wp:term":[{"taxonomy":"category","embeddable":true,"href":"https:\/\/encuentroinformativo.com.mx\/index.php?rest_route=%2Fwp%2Fv2%2Fcategories&post=34117"},{"taxonomy":"post_tag","embeddable":true,"href":"https:\/\/encuentroinformativo.com.mx\/index.php?rest_route=%2Fwp%2Fv2%2Ftags&post=34117"}],"curies":[{"name":"wp","href":"https:\/\/api.w.org\/{rel}","templated":true}]}}