{"id":34123,"date":"2022-12-05T14:53:45","date_gmt":"2022-12-05T20:53:45","guid":{"rendered":"https:\/\/encuentroinformativo.com.mx\/?p=34123"},"modified":"2022-12-05T14:53:50","modified_gmt":"2022-12-05T20:53:50","slug":"descarta-fiscalia-investigar-trafico-de-bebes-en-veracruz","status":"publish","type":"post","link":"https:\/\/encuentroinformativo.com.mx\/?p=34123","title":{"rendered":"Descarta Fiscal\u00eda investigar tr\u00e1fico de beb\u00e9s en Veracruz"},"content":{"rendered":"\n<p><strong>Dar\u00edo Pale<\/strong><\/p>\n\n\n\n<p>Xalapa, Ver.- Descarta la Fiscal\u00eda General del Estado (FGE), el tr\u00e1fico de beb\u00e9s en Veracruz tras caso de Rosa Isela, no obstante hizo un llamado a la sociedad para que tenga cuidado sobre informaci\u00f3n que se comparte en redes sociales, y coment\u00f3 que la menor de Coatzacoalcos la mat\u00f3 su madrastra por un &#8220;tema pasional&#8221;.<\/p>\n\n\n\n<p>En entrevista la titular de la FGE Ver\u00f3nica Hern\u00e1ndez Guiad\u00e1ns, neg\u00f3 que se deba investigar tr\u00e1fico de beb\u00e9s luego del caso sucedido con la joven Rosa Isela, la joven embarazada que desapareci\u00f3 el 30 de noviembre y que fue encontrada el s\u00e1bado sin vida en un rancho cercano a Boca del R\u00edo.<\/p>\n\n\n\n<p>&#8220;No, desde el 2018 Fiscal\u00eda solamente tiene tres carpetas de denuncias de chicas embarazadas que fueron desaparecidas y no podr\u00edamos hablar de un tema as\u00ed -de tr\u00e1fico de beb\u00e9s- este caso no podemos contabilizarlo o pensar que fue de esa manera&#8221;, se\u00f1al\u00f3.<\/p>\n\n\n\n<p>&#8220;Desde mi punto de vista est\u00e1 descartado, sin embargo&#8230; yo hablo de los datos que hay en la Fiscal\u00eda, de datos oficiales, quien afirme eso tendr\u00e1 que probarlo&#8221;, agreg\u00f3.<\/p>\n\n\n\n<p>As\u00ed respondi\u00f3 sobre lo que se ha dicho en el sentido de que son varios casos de este tipo en donde les sacan los beb\u00e9s a las mam\u00e1s de su vientre, adem\u00e1s coment\u00f3 que la beb\u00e9 de la joven asesinada fue recuperada, est\u00e1 sana y salva en un hospital en tanto se resuelve su situaci\u00f3n legal para entregarla a su familia.<\/p>\n\n\n\n<p>Dio a conocer que este lunes por la ma\u00f1ana dar\u00eda inicio la audiencia de los presuntos responsables del asesinato y extracci\u00f3n de la beb\u00e9 del vientre de su mam\u00e1.<\/p>\n\n\n\n<p>&#8220;Es lamentable que otra mujer haya sido quien plane\u00f3 toda una estrategia, quiz\u00e1 haci\u00e9ndose pasar como que ten\u00eda un embarazo quiso&#8230; desafortunadamente fue Rosa Isela la que fue la v\u00edctima&#8221;, expres\u00f3.<\/p>\n\n\n\n<p>Fue ah\u00ed donde aprovech\u00f3 la oportunidad para enviar un mensaje a la ciudadan\u00eda para tener cuidado con la informaci\u00f3n que se comparte en las redes sociales, ya que, record\u00f3 el caso de la joven Viridiana Moreno, quien fue &#8220;enganchada&#8221; por una oferta de trabajo a trav\u00e9s de las redes sociales.<\/p>\n\n\n\n<p>Si bien reconoci\u00f3 que las redes sociales y el internet proporcionan oportunidades para la gente, tambi\u00e9n es cierto que puede ser un riesgo y pidi\u00f3 a las mujeres nunca acudir solas a una oferta de trabajo o una cita, avisar a la familia, llevarse el tel\u00e9fono y tener manera de poder ser ubicadas y es que tanto en el caso de la joven Rosa Isela como en el de Viridiana Moreno, desaparecida el 18 de mayo en Chachalacas; los celulares se dejaron en casa.<\/p>\n\n\n\n<p>En otro orden de ideas la Fiscal tambi\u00e9n habl\u00f3 sobre el caso de la menor de 13 a\u00f1os, asesinada en Coatzacoalcos e indic\u00f3 que se abri\u00f3 una carpeta de investigaci\u00f3n por su desaparici\u00f3n, por lo que se emiti\u00f3 el bolet\u00edn de la Comisi\u00f3n Estatal de Busqueda.<br>Ah\u00ed, confirm\u00f3 que por ese crimen hay dos detenidos, una de esas personas era la madrastra de la menor y el masculino quien presuntamente la ayud\u00f3.<\/p>\n\n\n\n<p>Hern\u00e1ndez Guiad\u00e1ns indic\u00f3 que este caso se trat\u00f3 de un &#8220;tema pasional&#8221;, pero aunque no quisieran que sucedieran este tipo de asuntos, el compromiso es la transformaci\u00f3n de la Fiscal\u00eda de dar resultados pronto.<\/p>\n\n\n\n<p>&#8220;Uno no quisiera que esto pasara, pero nos corresponde atenderlo, estamos 24 horas atendiendo estos temas&#8221;, destac\u00f3.<\/p>\n\n\n\n<p>Por \u00faltimo se\u00f1al\u00f3 que hay que hacer menci\u00f3n que se ha dicho que son m\u00e1s de seis casos los que han ocurrido en las mismas circunstancias en donde privan de la libertad a la madre y despu\u00e9s extraen al beb\u00e9.<\/p>\n","protected":false},"excerpt":{"rendered":"<p>Dar\u00edo Pale Xalapa, Ver.- Descarta la Fiscal\u00eda General del Estado (FGE), el tr\u00e1fico de beb\u00e9s en Veracruz tras caso de Rosa Isela, no obstante hizo un llamado a la sociedad para que tenga cuidado sobre informaci\u00f3n que se comparte en redes sociales, y coment\u00f3 que la menor de Coatzacoalcos la mat\u00f3 su madrastra por un [&hellip;]<\/p>\n","protected":false},"author":1,"featured_media":34124,"comment_status":"open","ping_status":"open","sticky":false,"template":"","format":"standard","meta":{"_jetpack_memberships_contains_paid_content":false,"footnotes":""},"categories":[2],"tags":[],"class_list":["post-34123","post","type-post","status-publish","format-standard","has-post-thumbnail","hentry","category-estado"],"jetpack_featured_media_url":"https:\/\/encuentroinformativo.com.mx\/wp-content\/uploads\/2022\/12\/2FD3AB0A-C610-4818-88C8-431817B09AE0.jpeg","jetpack_sharing_enabled":true,"jetpack_likes_enabled":true,"amp_enabled":true,"_links":{"self":[{"href":"https:\/\/encuentroinformativo.com.mx\/index.php?rest_route=\/wp\/v2\/posts\/34123","targetHints":{"allow":["GET"]}}],"collection":[{"href":"https:\/\/encuentroinformativo.com.mx\/index.php?rest_route=\/wp\/v2\/posts"}],"about":[{"href":"https:\/\/encuentroinformativo.com.mx\/index.php?rest_route=\/wp\/v2\/types\/post"}],"author":[{"embeddable":true,"href":"https:\/\/encuentroinformativo.com.mx\/index.php?rest_route=\/wp\/v2\/users\/1"}],"replies":[{"embeddable":true,"href":"https:\/\/encuentroinformativo.com.mx\/index.php?rest_route=%2Fwp%2Fv2%2Fcomments&post=34123"}],"version-history":[{"count":1,"href":"https:\/\/encuentroinformativo.com.mx\/index.php?rest_route=\/wp\/v2\/posts\/34123\/revisions"}],"predecessor-version":[{"id":34125,"href":"https:\/\/encuentroinformativo.com.mx\/index.php?rest_route=\/wp\/v2\/posts\/34123\/revisions\/34125"}],"wp:featuredmedia":[{"embeddable":true,"href":"https:\/\/encuentroinformativo.com.mx\/index.php?rest_route=\/wp\/v2\/media\/34124"}],"wp:attachment":[{"href":"https:\/\/encuentroinformativo.com.mx\/index.php?rest_route=%2Fwp%2Fv2%2Fmedia&parent=34123"}],"wp:term":[{"taxonomy":"category","embeddable":true,"href":"https:\/\/encuentroinformativo.com.mx\/index.php?rest_route=%2Fwp%2Fv2%2Fcategories&post=34123"},{"taxonomy":"post_tag","embeddable":true,"href":"https:\/\/encuentroinformativo.com.mx\/index.php?rest_route=%2Fwp%2Fv2%2Ftags&post=34123"}],"curies":[{"name":"wp","href":"https:\/\/api.w.org\/{rel}","templated":true}]}}