{"id":34135,"date":"2022-12-05T20:17:38","date_gmt":"2022-12-06T02:17:38","guid":{"rendered":"https:\/\/encuentroinformativo.com.mx\/?p=34135"},"modified":"2022-12-05T20:17:42","modified_gmt":"2022-12-06T02:17:42","slug":"que-el-feminicidio-de-rosa-isela-no-quede-impune","status":"publish","type":"post","link":"https:\/\/encuentroinformativo.com.mx\/?p=34135","title":{"rendered":"Que el feminicidio de Rosa Isela no quede impune"},"content":{"rendered":"\n<p><strong>Alejandro \u00c1vila<\/strong><\/p>\n\n\n\n<p><strong>Fotos<\/strong><em>: <\/em>Alba Valdez\/Cortes\u00eda <\/p>\n\n\n\n<p>Paso de Ovejas, Ver.- El camino a la \u00faltima morada de Rosa Isela fue un martirio de m\u00e1s de una hora, pues su familia sigue sin explicarse el porqu\u00e9 de su artero crimen.<\/p>\n\n\n\n<p>Pasadas las 4 de la tarde los familiares de Rosa Isela llevaron su ata\u00fad desde El Predio 4 en el municipio de Veracruz, hasta el pante\u00f3n de Tierra Colorada localidad perteneciente al municipio de Paso de Ovejas.<\/p>\n\n\n\n<p>Familiares y amigos a\u00fan no daban cr\u00e9dito a lo sucedido con la joven de apenas 20 a\u00f1os y que se encontraba en el \u00faltimo mes de gestaci\u00f3n, la cual ten\u00eda previsto dar a luz el 17 de diciembre.<\/p>\n\n\n\n<p>La joven desaparecida el pasado 30 de noviembre cu\u00e1ndo acudi\u00f3 a recibir una donaci\u00f3n de ropa para su criatura, se convirti\u00f3 en un n\u00famero m\u00e1s de las lamentables estad\u00edsticas que mantienen a Veracruz en los primeros lugares de feminicidios de la Rep\u00fablica Mexicana.<\/p>\n\n\n\n<p>Por obvias razones la familia se neg\u00f3 a dar una entrevista en campo santo; sin embargo, no dejaban de exigir justicia para los criminales que privaron de la vida a la joven de 20 a\u00f1os y qui\u00e9n se encontraba sumamente ilusionada de ser madre por primera vez.<\/p>\n\n\n\n<figure class=\"wp-block-image size-large\"><img loading=\"lazy\" decoding=\"async\" width=\"1024\" height=\"768\" src=\"https:\/\/encuentroinformativo.com.mx\/wp-content\/uploads\/2022\/12\/D6C3EAA3-2F45-454E-91A6-79A802C9C0A5.jpeg\" alt=\"\" class=\"wp-image-34137\" srcset=\"https:\/\/encuentroinformativo.com.mx\/wp-content\/uploads\/2022\/12\/D6C3EAA3-2F45-454E-91A6-79A802C9C0A5.jpeg 1024w, https:\/\/encuentroinformativo.com.mx\/wp-content\/uploads\/2022\/12\/D6C3EAA3-2F45-454E-91A6-79A802C9C0A5-300x225.jpeg 300w, https:\/\/encuentroinformativo.com.mx\/wp-content\/uploads\/2022\/12\/D6C3EAA3-2F45-454E-91A6-79A802C9C0A5-768x576.jpeg 768w\" sizes=\"auto, (max-width: 1024px) 100vw, 1024px\" \/><\/figure>\n","protected":false},"excerpt":{"rendered":"<p>Alejandro \u00c1vila Fotos: Alba Valdez\/Cortes\u00eda Paso de Ovejas, Ver.- El camino a la \u00faltima morada de Rosa Isela fue un martirio de m\u00e1s de una hora, pues su familia sigue sin explicarse el porqu\u00e9 de su artero crimen. Pasadas las 4 de la tarde los familiares de Rosa Isela llevaron su ata\u00fad desde El Predio [&hellip;]<\/p>\n","protected":false},"author":1,"featured_media":34136,"comment_status":"open","ping_status":"open","sticky":false,"template":"","format":"standard","meta":{"_jetpack_memberships_contains_paid_content":false,"footnotes":""},"categories":[2],"tags":[],"class_list":["post-34135","post","type-post","status-publish","format-standard","has-post-thumbnail","hentry","category-estado"],"jetpack_featured_media_url":"https:\/\/encuentroinformativo.com.mx\/wp-content\/uploads\/2022\/12\/B925FD65-1FAF-4F27-84D9-F47E388F0706.jpeg","jetpack_sharing_enabled":true,"jetpack_likes_enabled":true,"amp_enabled":true,"_links":{"self":[{"href":"https:\/\/encuentroinformativo.com.mx\/index.php?rest_route=\/wp\/v2\/posts\/34135","targetHints":{"allow":["GET"]}}],"collection":[{"href":"https:\/\/encuentroinformativo.com.mx\/index.php?rest_route=\/wp\/v2\/posts"}],"about":[{"href":"https:\/\/encuentroinformativo.com.mx\/index.php?rest_route=\/wp\/v2\/types\/post"}],"author":[{"embeddable":true,"href":"https:\/\/encuentroinformativo.com.mx\/index.php?rest_route=\/wp\/v2\/users\/1"}],"replies":[{"embeddable":true,"href":"https:\/\/encuentroinformativo.com.mx\/index.php?rest_route=%2Fwp%2Fv2%2Fcomments&post=34135"}],"version-history":[{"count":1,"href":"https:\/\/encuentroinformativo.com.mx\/index.php?rest_route=\/wp\/v2\/posts\/34135\/revisions"}],"predecessor-version":[{"id":34138,"href":"https:\/\/encuentroinformativo.com.mx\/index.php?rest_route=\/wp\/v2\/posts\/34135\/revisions\/34138"}],"wp:featuredmedia":[{"embeddable":true,"href":"https:\/\/encuentroinformativo.com.mx\/index.php?rest_route=\/wp\/v2\/media\/34136"}],"wp:attachment":[{"href":"https:\/\/encuentroinformativo.com.mx\/index.php?rest_route=%2Fwp%2Fv2%2Fmedia&parent=34135"}],"wp:term":[{"taxonomy":"category","embeddable":true,"href":"https:\/\/encuentroinformativo.com.mx\/index.php?rest_route=%2Fwp%2Fv2%2Fcategories&post=34135"},{"taxonomy":"post_tag","embeddable":true,"href":"https:\/\/encuentroinformativo.com.mx\/index.php?rest_route=%2Fwp%2Fv2%2Ftags&post=34135"}],"curies":[{"name":"wp","href":"https:\/\/api.w.org\/{rel}","templated":true}]}}