{"id":34146,"date":"2022-12-06T09:22:06","date_gmt":"2022-12-06T15:22:06","guid":{"rendered":"https:\/\/encuentroinformativo.com.mx\/?p=34146"},"modified":"2022-12-06T09:22:11","modified_gmt":"2022-12-06T15:22:11","slug":"quesque-tumbe-a-rocio-nahle","status":"publish","type":"post","link":"https:\/\/encuentroinformativo.com.mx\/?p=34146","title":{"rendered":"QUESQUE \u201cTUMB\u00c9\u201d A ROC\u00cdO NAHLE"},"content":{"rendered":"\n<p><strong>ColumnaSinNombre<br>@pablojair<\/strong><\/p>\n\n\n\n<ul class=\"wp-block-list\"><li>Y todav\u00eda sopla\u2026<\/li><li>Malditas redes sociales.<\/li><li>Secre enfermo compareciendo.<\/li><\/ul>\n\n\n\n<p>Am\u00e1, no te espantes, pero v\u00ed mi foto en un papel raro<br>que envolv\u00eda una papaya en el mercado San Jos\u00e9<br>\u2014Chopenjawer<\/p>\n\n\n\n<p>Hablaremos en t\u00e9rminos de la pol\u00edtica folcl\u00f3rica mexicana: \u201cno se hagan bolas\u201d. Ya saben c\u00f3mo est\u00e1 el escenario, pero \u2018ta weno: sigan con las patadas.<\/p>\n\n\n\n<p>\u201cIt\u2019s a fucking game\u201d, dir\u00eda el Cat.<\/p>\n\n\n\n<p>No era necesario hacerse tanta chaqueta mental. Se entienden cu\u00e1les son los motivos, pero aguanten tantito, chingau. Que no les coman las ansias de la situaci\u00f3n fam\u00e9lica; que no les gane la bilis de un est\u00f3mago e h\u00edgado tan necesitados.<\/p>\n\n\n\n<p>Miren: ya faltan s\u00f3lo dos a\u00f1os para que la banda de Palacio se vaya y quiz\u00e1s logren entenderse con el siguiente gobierno; que por fin les hagan caso aunque no tengan nada qu\u00e9 ofrecer\u2026 y eso si gana quienes creen que van a ganar. Hagan su lucha, \u00e9chenle ganas, pero no se la jalen al grado de arranc\u00e1rsela.<\/p>\n\n\n\n<p>Primero, gracias a todos los que me llamaron para felicitarme por la pregunta que le hice al presidente y que supuestamente \u201ctumb\u00f3\u201d las aspiraciones pol\u00edticas de la muy probable pr\u00f3xima gobernadora de Veracruz, pero nel\u2026 No creo tener tal m\u00e9rito. Al contrario, reconozco y agradezco quienes s\u00ed hicieron verdadera labor period\u00edstica y de an\u00e1lisis antes de empinarse a lo buey, verificando la pregunta de un servidor y la respuesta del presidente L\u00f3pez Obrador.<\/p>\n\n\n\n<p>Segundo: no me gusta el protagonismo; disfruto mucho mi bajo perfil hasta en redes (tengo bien poquitos lectores y likes). Dir\u00eda una villana de Misi\u00f3n Imposible: \u201cMi anonimato es una c\u00e1lida manta\u201d.<\/p>\n\n\n\n<p>Tercero: no estoy a la altura de grandes como Jes\u00fas Reyes Heroles, quien con un periodicazo s\u00ed tumb\u00f3 las aspiraciones gubernamentales de Manuel Carbonell de la Hoz (si no saben de qu\u00e9 les hablo, b\u00fasquenlo y lean, flojos). Disto mucho de llegar a esos niveles de poder pol\u00edtico, y si los tuviera, pos ya m\u00e1s de uno se hubiese ido del estado o estar\u00eda disfrutando c\u00f3cteles en Las Bahamas junto a una nalga afroamericana y haciendo esta columna desde el Caribe.<\/p>\n\n\n\n<p>Que alguien hizo una travesura con un video manipulado y lo difundi\u00f3 bien entre los enemigos internos y externos de Roc\u00edo Nahle, pues s\u00ed: tiene un m\u00e9rito que se le respeta. Es algo as\u00ed como un buen meme, un tuitazo, un buen chiste viral, pero no necesariamente real.<\/p>\n\n\n\n<p>En honor a la verdad period\u00edstica, ese video de 40 segundos que se difundi\u00f3 no tiene nada qu\u00e9 ver con lo que me contest\u00f3 el presidente L\u00f3pez Obrador cuando le pregunt\u00e9 c\u00f3mo ve\u00eda a Roc\u00edo Nahle siendo posible gobernadora en 2024. De hecho \u2014fiel a su estilo chocojarocho\u2014 se avent\u00f3 un chorototote cargado de p\u00e1ginas de historia de M\u00e9xico, an\u00e9cdotas pol\u00edticas, para finalmente decir al final que todo se decidir\u00e1 en encuesta, tanto en la elecci\u00f3n presidencial como en la gubernatura de Veracruz.<\/p>\n\n\n\n<p>Y si no me creen, pues ah\u00ed est\u00e1 la versi\u00f3n estenogr\u00e1fica en la p\u00e1gina web de la Presidencia de la Rep\u00fablica o simplemente vayan al YouTube y ver\u00e1n los casi 20 minutos que tard\u00f3 en contestarme en la conferencia ma\u00f1anera del pasado viernes.<\/p>\n\n\n\n<p>Miren, en verdad que agradezco las llamadas, los mensajes, las menciones de los colegas; dicen que me hice famoso y hasta di el \u201ccampanazo\u201d (en el argot period\u00edstico as\u00ed se le llama a la gran nota que retumb\u00f3 conciencias), pero nel: s\u00f3lo hice una pregunta con verdadera curiosidad period\u00edstica y cualquier cosa que me haya podido decir el presidente ya era nota, porque es un tema que interesa a todos los veracruzanos: sobre una mujer de la cual est\u00e1n pendientes todos los anti4T, anticuitlahuistas, antiAMLO y dem\u00e1s \u201chaters\u201d que abundan.<\/p>\n\n\n\n<p>Lo que haga o no haga la Nahle, es algo de lo que est\u00e1n pendientes todos estos vatos porque saben cu\u00e1l es la realidad que hasta el momento marcan las encuestas serias: s\u00f3lo que lo impida un cataclismo, Do\u00f1a Roc\u00edo ser\u00e1 la pr\u00f3xima gobernadora de Veracruz.<\/p>\n\n\n\n<p>Cada quien su interpretaci\u00f3n, pero \u2014repito (BUUUUURP)\u2014 no se hagan chaquetas mentales, no se la arranquen con jalones, no se hagan bolas.<\/p>\n\n\n\n<p>Aguanten, todav\u00eda falta un rato\u2026 Y ya veremos qui\u00e9n se va a cagar de la risa (en una de esas, ser\u00e1n ustedes, porque la pol\u00edtica no es, va siendo, como dir\u00eda Don Froyl\u00e1n Flores Cancela).<\/p>\n\n\n\n<p><strong>NOTA PARA PEGAR EN EL REFRI<\/strong>: Quien reapareci\u00f3 en la zona conurbada Veracruz-Boca del R\u00edo para celebrar su cumplea\u00f1os fue el exgobernador Miguel \u00c1ngel Yunes Linares\u2026 Mucha indignaci\u00f3n cre\u00f3 su presencia, porque anduvo bien tranquilo y tropical sopl\u00e1ndole la velita al pastel en compa\u00f1\u00eda de amigos y quien se dice es su actual pareja (cosa muy personal y privada de \u00e9l)\u2026 La reaparici\u00f3n a lo mejor es s\u00f3lo eso: venir a estar con los suyos para festejar sus 70 a\u00f1os; a lo mejor tambi\u00e9n le vino a pedir su tarjeta del Bienestar al superdelegado Manuel Huerta; o sencillamente le entr\u00f3 la nostalgia por el terru\u00f1o aunque viva a todo dar en el gabacho. Mientras no lo persiga la ley, el vato podr\u00e1 placearse como si nada\u2026 Y s\u00ed, parece que no debiera nada.<\/p>\n\n\n\n<p><strong>OTRA NOTA:<\/strong> Se dir\u00e1 hasta el cansancio, pero es la verdad: cuiden a sus hijos, hijas, \u201chijes\u201d, \u201chujus\u201d, de las redes sociales. El caso de la joven embarazada Rosa Isela tuvo mucho qu\u00e9 ver con mensajes v\u00eda Facebook donde enga\u00f1aron a la joven para citarla en un lugar y decirle que le iban a regalar ropa para su hija casi por nacer\u2026 Se entiende que pueda haber ingenuidad, credulidad, buena fe de lo que aparentemente pueden ser actos amables de la gente que uno se encuentra en las redes sociales, pero s\u00f3lo basta decirse a s\u00ed mismo: \u201cSi es demasiado bueno para ser real, no lo es\u201d\u2026 Y as\u00ed esas malditas redes sociales est\u00e1n plagadas de criminales que venden mota, fentanilo, porno, pirater\u00eda, y cuanta cosa se le ocurra, pero tambi\u00e9n verdaderos desalmados que s\u00f3lo buscan joder al pr\u00f3jimo por saciar instintos miserables. Neta, no se conf\u00eden de las redes, mis ni\u00f1os.<\/p>\n\n\n\n<p><strong>LA \u00daLTIMA PORQUE ME MENSAJEA DESDE POLONIA Y ME PONE NERVIOSO:<\/strong> Que a ver si no contagi\u00f3 de algo el secre de Salud a todos los que estuvieron en su comparecencia, que bien podr\u00eda haberse hecho v\u00eda remota, sobre todo por el estado de salud que presentaba\u2026 Es cierto, la pandemia del Covid ya parece estar controlada, pero todav\u00eda no acaba y desde hace rato se dijo que se iban a incrementar los contagios en diciembre, temporada de enfermedades respiratorias como la influenza, la gripe, etc\u2026 Lo hubieran puesto aunque sea en un traje aislante, de esos como el Among Us.<\/p>\n","protected":false},"excerpt":{"rendered":"<p>ColumnaSinNombre@pablojair Y todav\u00eda sopla\u2026 Malditas redes sociales. Secre enfermo compareciendo. Am\u00e1, no te espantes, pero v\u00ed mi foto en un papel raroque envolv\u00eda una papaya en el mercado San Jos\u00e9\u2014Chopenjawer Hablaremos en t\u00e9rminos de la pol\u00edtica folcl\u00f3rica mexicana: \u201cno se hagan bolas\u201d. Ya saben c\u00f3mo est\u00e1 el escenario, pero \u2018ta weno: sigan con las patadas. [&hellip;]<\/p>\n","protected":false},"author":1,"featured_media":488,"comment_status":"open","ping_status":"open","sticky":false,"template":"","format":"standard","meta":{"_jetpack_memberships_contains_paid_content":false,"footnotes":""},"categories":[11],"tags":[],"class_list":["post-34146","post","type-post","status-publish","format-standard","has-post-thumbnail","hentry","category-opinion"],"jetpack_featured_media_url":"https:\/\/encuentroinformativo.com.mx\/wp-content\/uploads\/2020\/03\/F471F608-BA1A-416B-BA7B-BCFB24F4E6D0.jpeg","jetpack_sharing_enabled":true,"jetpack_likes_enabled":true,"amp_enabled":true,"_links":{"self":[{"href":"https:\/\/encuentroinformativo.com.mx\/index.php?rest_route=\/wp\/v2\/posts\/34146","targetHints":{"allow":["GET"]}}],"collection":[{"href":"https:\/\/encuentroinformativo.com.mx\/index.php?rest_route=\/wp\/v2\/posts"}],"about":[{"href":"https:\/\/encuentroinformativo.com.mx\/index.php?rest_route=\/wp\/v2\/types\/post"}],"author":[{"embeddable":true,"href":"https:\/\/encuentroinformativo.com.mx\/index.php?rest_route=\/wp\/v2\/users\/1"}],"replies":[{"embeddable":true,"href":"https:\/\/encuentroinformativo.com.mx\/index.php?rest_route=%2Fwp%2Fv2%2Fcomments&post=34146"}],"version-history":[{"count":1,"href":"https:\/\/encuentroinformativo.com.mx\/index.php?rest_route=\/wp\/v2\/posts\/34146\/revisions"}],"predecessor-version":[{"id":34147,"href":"https:\/\/encuentroinformativo.com.mx\/index.php?rest_route=\/wp\/v2\/posts\/34146\/revisions\/34147"}],"wp:featuredmedia":[{"embeddable":true,"href":"https:\/\/encuentroinformativo.com.mx\/index.php?rest_route=\/wp\/v2\/media\/488"}],"wp:attachment":[{"href":"https:\/\/encuentroinformativo.com.mx\/index.php?rest_route=%2Fwp%2Fv2%2Fmedia&parent=34146"}],"wp:term":[{"taxonomy":"category","embeddable":true,"href":"https:\/\/encuentroinformativo.com.mx\/index.php?rest_route=%2Fwp%2Fv2%2Fcategories&post=34146"},{"taxonomy":"post_tag","embeddable":true,"href":"https:\/\/encuentroinformativo.com.mx\/index.php?rest_route=%2Fwp%2Fv2%2Ftags&post=34146"}],"curies":[{"name":"wp","href":"https:\/\/api.w.org\/{rel}","templated":true}]}}