{"id":34148,"date":"2022-12-06T09:35:50","date_gmt":"2022-12-06T15:35:50","guid":{"rendered":"https:\/\/encuentroinformativo.com.mx\/?p=34148"},"modified":"2022-12-06T09:35:54","modified_gmt":"2022-12-06T15:35:54","slug":"zenyazen-a-la-cabeza","status":"publish","type":"post","link":"https:\/\/encuentroinformativo.com.mx\/?p=34148","title":{"rendered":"ZENYAZEN, A LA CABEZA"},"content":{"rendered":"\n<p><strong>Los Pol\u00edticos<\/strong><\/p>\n\n\n\n<p><strong>Salvador Mu\u00f1oz<\/strong><\/p>\n\n\n\n<p>La comparecencia del titular de Educaci\u00f3n ha marcado una gran diferencia con respecto al resto de sus compa\u00f1eros de Gabinete. Incluso, si uno recuerda al diputado que all\u00e1 por octubre del 2018 tom\u00f3 el edificio legislativo, al secretario del pasado fin de semana, podemos hablar que la diferencia entre uno y otro es abismal\u2026<\/p>\n\n\n\n<p>No me involucro en s\u00ed, en las cifras, hechos o datos que Zenyazen Escobar haya expresado en el informe que dio ante los Diputados\u2026 sino en el pol\u00edtico y su quehacer\u2026<\/p>\n\n\n\n<p>En el caso de Zenyazen hay que destacar tres cosas:<\/p>\n\n\n\n<p>1.- A cada cuestionamiento que tuvo que responder, hab\u00eda algo m\u00e1s que datos y cifras\u2026 la certeza de que al haber estado en el punto de duda, fuera en las instalaciones de la SEV o en la escuela, daba un plus a su respuesta. Escritorio y territorio\u2026 claro que s\u00ed se combinan si se sabe hacer.<\/p>\n\n\n\n<p>2.- El reconocimiento de dos fracciones legislativas que se han caracterizado por ser las m\u00e1s severas y duras en sus cuestionamientos a la hora de estar al t\u00fa por t\u00fa con los comparecientes: PRI y PAN.<\/p>\n\n\n\n<p>\u00bfEl reconocimiento en qu\u00e9 consisti\u00f3? muy simple. Ambas fuerzas legislativas dieron fe de la pol\u00edtica que ejerce el titular de la SEV durante estos cuatro a\u00f1os al frente de la secretar\u00eda: No hay colores en la Educaci\u00f3n.<\/p>\n\n\n\n<p>Y para que Miguel Hermida Copado haya sido atento a este ejercicio pol\u00edtico y administrativo que emplea Zenyazen Escobar, dice mucho, aunque a fuerza de ser sinceros, igual hubo reciprocidad por parte del moreno, porque no tuvo empacho en reconocer que el legislador porte\u00f1o fue el puente para que se diera la primera reuni\u00f3n Gobierno del Estado (v\u00eda SEV) con el Ayuntamiento de Veracruz, que dicho sea de paso, esa acci\u00f3n, la reuni\u00f3n, fue bien recibida por los diversos sectores ajenos a las grillas partidistas y que optan por el di\u00e1logo y la pol\u00edtica.<\/p>\n\n\n\n<p>Hay que agregar que esta atenci\u00f3n de los diputados de Oposici\u00f3n para con el titular de Educaci\u00f3n, no es nueva\u2026 En la pasada Legislatura, cuando tuvo a bien comparecer, se recuerda el c\u00e1lido recibimiento que tuvo por parte de sus ex compa\u00f1eros diputados \u00a1de Oposici\u00f3n! que hab\u00edan repetido\u2026<\/p>\n\n\n\n<p>3.- Zenyazen es una especie de Juan Camaney de la pol\u00edtica\u2026 \u00bfRecuerdan ese personaje del comediante paisano Luis de Alba: \u201cYo soy Juan Camaney, bailo tango, masco chicle, pego duro, tengo viejas de a mont\u00f3n, tu ru r\u00fa\u201d&#8230;?<\/p>\n\n\n\n<p>Bueno, pues el secretario de Educaci\u00f3n adem\u00e1s de bailar, tocar piano, cantar, practicar box \u00a1habla n\u00e1huatl!<\/p>\n\n\n\n<p>No s\u00e9 cu\u00e1l haya sido la reacci\u00f3n interna del diputado del PT, Jos\u00e9 Luis Tehuintle Xocua cuando al momento de responder a sus cuestionamientos, Zenyazen lo salud\u00f3 en esta lengua\u2026 No recuerdo sinceramente alg\u00fan secretario preocupado por aprender para comunicarse y ah\u00ed est\u00e1 una de las esencias primordiales tanto de la pol\u00edtica como del servicio p\u00fablico: saber comunicarse.<\/p>\n\n\n\n<p>S\u00ed, Zenyazen o su gente no pudieron escapar al encanto de los \u201capoyados\u201d (recuerden que ya no se les dice \u201cacarreados\u201d) que con la mano en la cintura, superaron la verbena popular de Bola 8, a tal grado que el mismo Hermida Copado abri\u00f3 as\u00ed su intervenci\u00f3n: \u201c\u00a1Se pas\u00f3 de invitados!\u201d<\/p>\n\n\n\n<p>As\u00ed, con estos tres puntos, pudi\u00e9ramos decir que al momento, si hay un secretario que va a la cabeza de las comparecencias, \u00e9ste es Zenyazen\u2026 y si me apuran, ojo, porque hasta el momento s\u00f3lo dos morenos saben tejer puentes con la Oposici\u00f3n: por un lado, Escobar Garc\u00eda; por el otro, su amigo, Juan Javier G\u00f3mez Cazar\u00edn, que no mezclan partidismo con pol\u00edtica\u2026<\/p>\n","protected":false},"excerpt":{"rendered":"<p>Los Pol\u00edticos Salvador Mu\u00f1oz La comparecencia del titular de Educaci\u00f3n ha marcado una gran diferencia con respecto al resto de sus compa\u00f1eros de Gabinete. Incluso, si uno recuerda al diputado que all\u00e1 por octubre del 2018 tom\u00f3 el edificio legislativo, al secretario del pasado fin de semana, podemos hablar que la diferencia entre uno y [&hellip;]<\/p>\n","protected":false},"author":1,"featured_media":387,"comment_status":"open","ping_status":"open","sticky":false,"template":"","format":"standard","meta":{"_jetpack_memberships_contains_paid_content":false,"footnotes":""},"categories":[11],"tags":[],"class_list":["post-34148","post","type-post","status-publish","format-standard","has-post-thumbnail","hentry","category-opinion"],"jetpack_featured_media_url":"https:\/\/encuentroinformativo.com.mx\/wp-content\/uploads\/2020\/03\/7CF8A22B-2764-47BE-8F7F-38FE9E5D6A2F.jpeg","jetpack_sharing_enabled":true,"jetpack_likes_enabled":true,"amp_enabled":true,"_links":{"self":[{"href":"https:\/\/encuentroinformativo.com.mx\/index.php?rest_route=\/wp\/v2\/posts\/34148","targetHints":{"allow":["GET"]}}],"collection":[{"href":"https:\/\/encuentroinformativo.com.mx\/index.php?rest_route=\/wp\/v2\/posts"}],"about":[{"href":"https:\/\/encuentroinformativo.com.mx\/index.php?rest_route=\/wp\/v2\/types\/post"}],"author":[{"embeddable":true,"href":"https:\/\/encuentroinformativo.com.mx\/index.php?rest_route=\/wp\/v2\/users\/1"}],"replies":[{"embeddable":true,"href":"https:\/\/encuentroinformativo.com.mx\/index.php?rest_route=%2Fwp%2Fv2%2Fcomments&post=34148"}],"version-history":[{"count":1,"href":"https:\/\/encuentroinformativo.com.mx\/index.php?rest_route=\/wp\/v2\/posts\/34148\/revisions"}],"predecessor-version":[{"id":34149,"href":"https:\/\/encuentroinformativo.com.mx\/index.php?rest_route=\/wp\/v2\/posts\/34148\/revisions\/34149"}],"wp:featuredmedia":[{"embeddable":true,"href":"https:\/\/encuentroinformativo.com.mx\/index.php?rest_route=\/wp\/v2\/media\/387"}],"wp:attachment":[{"href":"https:\/\/encuentroinformativo.com.mx\/index.php?rest_route=%2Fwp%2Fv2%2Fmedia&parent=34148"}],"wp:term":[{"taxonomy":"category","embeddable":true,"href":"https:\/\/encuentroinformativo.com.mx\/index.php?rest_route=%2Fwp%2Fv2%2Fcategories&post=34148"},{"taxonomy":"post_tag","embeddable":true,"href":"https:\/\/encuentroinformativo.com.mx\/index.php?rest_route=%2Fwp%2Fv2%2Ftags&post=34148"}],"curies":[{"name":"wp","href":"https:\/\/api.w.org\/{rel}","templated":true}]}}