{"id":34150,"date":"2022-12-06T11:06:10","date_gmt":"2022-12-06T17:06:10","guid":{"rendered":"https:\/\/encuentroinformativo.com.mx\/?p=34150"},"modified":"2022-12-06T11:06:13","modified_gmt":"2022-12-06T17:06:13","slug":"en-asalto-muere-empleado-de-oxxo-en-alamo","status":"publish","type":"post","link":"https:\/\/encuentroinformativo.com.mx\/?p=34150","title":{"rendered":"En asalto muere empleado de Oxxo en \u00c1lamo"},"content":{"rendered":"\n<p><strong>Alejandro \u00c1vila<\/strong><\/p>\n\n\n\n<p>\u00c1lamo Temapache, Ver.- Un violento asalto se registr\u00f3 la noche de este lunes en una tienda de conveniencia <em>Oxxo<\/em> del municipio de \u00c1lamo Temapache, donde uno de sus empleados recibi\u00f3 un disparo en la cabeza y perdi\u00f3 la vida.<\/p>\n\n\n\n<p>Seg\u00fan el reporte, el ladr\u00f3n ingres\u00f3 al supermercado ubicado en la carretera federal, en el tramo \u00c1lamo &#8211; Potrero del Llano, d\u00f3nde al encontrar la resistencia del empleado para concretar el hurto le dispar\u00f3 en la cabeza.<\/p>\n\n\n\n<p>Este hecho ha alertado a la poblaci\u00f3n, pues en las \u00faltimas 24 horas se han perpetrado diversos cr\u00edmenes que han privado de la vida a varias personas, elevando los \u00edndices de inseguridad en el municipio.<\/p>\n\n\n\n<p>El empleado fue identificado como Francisco Luciano P.B. de 33 a\u00f1os de edad qui\u00e9n viv\u00eda en bulevar Raymundo Mart\u00ednez en el Ejido Pueblo Nuevo.<\/p>\n\n\n\n<p>El sitio fue acordonado por autoridades policiacas, y fueron los Servicios Periciales qui\u00e9nes dirigieron el cuerpo hacia el Servicio M\u00e9dico Forense (SEMEFO) de la ciudad de Tuxpan.<\/p>\n\n\n\n<p>Hasta el momento, el agresor no ha podido ser identificado por los elementos de la Secretar\u00eda de Seguridad P\u00fablica.<\/p>\n","protected":false},"excerpt":{"rendered":"<p>Alejandro \u00c1vila \u00c1lamo Temapache, Ver.- Un violento asalto se registr\u00f3 la noche de este lunes en una tienda de conveniencia Oxxo del municipio de \u00c1lamo Temapache, donde uno de sus empleados recibi\u00f3 un disparo en la cabeza y perdi\u00f3 la vida. Seg\u00fan el reporte, el ladr\u00f3n ingres\u00f3 al supermercado ubicado en la carretera federal, en [&hellip;]<\/p>\n","protected":false},"author":1,"featured_media":34151,"comment_status":"open","ping_status":"open","sticky":false,"template":"","format":"standard","meta":{"_jetpack_memberships_contains_paid_content":false,"footnotes":""},"categories":[14],"tags":[],"class_list":["post-34150","post","type-post","status-publish","format-standard","has-post-thumbnail","hentry","category-policiaca"],"jetpack_featured_media_url":"https:\/\/encuentroinformativo.com.mx\/wp-content\/uploads\/2022\/12\/78064EDA-FCA6-41D3-8CE7-F9DA89C32310.jpeg","jetpack_sharing_enabled":true,"jetpack_likes_enabled":true,"amp_enabled":true,"_links":{"self":[{"href":"https:\/\/encuentroinformativo.com.mx\/index.php?rest_route=\/wp\/v2\/posts\/34150","targetHints":{"allow":["GET"]}}],"collection":[{"href":"https:\/\/encuentroinformativo.com.mx\/index.php?rest_route=\/wp\/v2\/posts"}],"about":[{"href":"https:\/\/encuentroinformativo.com.mx\/index.php?rest_route=\/wp\/v2\/types\/post"}],"author":[{"embeddable":true,"href":"https:\/\/encuentroinformativo.com.mx\/index.php?rest_route=\/wp\/v2\/users\/1"}],"replies":[{"embeddable":true,"href":"https:\/\/encuentroinformativo.com.mx\/index.php?rest_route=%2Fwp%2Fv2%2Fcomments&post=34150"}],"version-history":[{"count":1,"href":"https:\/\/encuentroinformativo.com.mx\/index.php?rest_route=\/wp\/v2\/posts\/34150\/revisions"}],"predecessor-version":[{"id":34152,"href":"https:\/\/encuentroinformativo.com.mx\/index.php?rest_route=\/wp\/v2\/posts\/34150\/revisions\/34152"}],"wp:featuredmedia":[{"embeddable":true,"href":"https:\/\/encuentroinformativo.com.mx\/index.php?rest_route=\/wp\/v2\/media\/34151"}],"wp:attachment":[{"href":"https:\/\/encuentroinformativo.com.mx\/index.php?rest_route=%2Fwp%2Fv2%2Fmedia&parent=34150"}],"wp:term":[{"taxonomy":"category","embeddable":true,"href":"https:\/\/encuentroinformativo.com.mx\/index.php?rest_route=%2Fwp%2Fv2%2Fcategories&post=34150"},{"taxonomy":"post_tag","embeddable":true,"href":"https:\/\/encuentroinformativo.com.mx\/index.php?rest_route=%2Fwp%2Fv2%2Ftags&post=34150"}],"curies":[{"name":"wp","href":"https:\/\/api.w.org\/{rel}","templated":true}]}}