{"id":34153,"date":"2022-12-06T11:19:20","date_gmt":"2022-12-06T17:19:20","guid":{"rendered":"https:\/\/encuentroinformativo.com.mx\/?p=34153"},"modified":"2022-12-06T11:19:25","modified_gmt":"2022-12-06T17:19:25","slug":"transferencia-de-trabajadores-de-sesver-al-imss-afectaria-sus-prestaciones-laborales-diputada","status":"publish","type":"post","link":"https:\/\/encuentroinformativo.com.mx\/?p=34153","title":{"rendered":"Transferencia de trabajadores de SESVER al IMSS afectar\u00eda sus prestaciones laborales: Diputada"},"content":{"rendered":"\n<p><strong>Alejandro \u00c1vila<\/strong><\/p>\n\n\n\n<p>Veracruz, Ver.- La transferencia de trabajadores de la Secretar\u00eda de Salud de Veracruz al IMSS &#8211; Bienestar, muestra mucho opacidad en sus t\u00e9rminos, pues los empleados aparentemente se quedar\u00edan sin sus prestaciones de ley.<\/p>\n\n\n\n<p>Durante la comparecencia del secretario de Salud de Veracruz, Gerardo D\u00edaz Morales, ante el Congreso Local, la diputada panista, Ver\u00f3nica Pulido Herrera, le cuestion\u00f3 sobre las condiciones laborales en las que quedar\u00edan los trabajadores tras la transferencia.<\/p>\n\n\n\n<p>La veracruzana lament\u00f3 que se realizaran estos cambios sin dar un aviso previo de los t\u00e9rminos y condiciones a los trabajadores, sus l\u00edderes sindicales y al propio Congreso de Veracruz, a trav\u00e9s de la comisi\u00f3n de Salud.<\/p>\n\n\n\n<p>Pulido Herrera dijo que el decreto por el que se crea este acuerdo, es impreciso, y no explica las condiciones de la contrataci\u00f3n del personal que labora en los Servicios de Salud del Estado de Veracruz; incluso en el Segundo P\u00e1rrafo del Art\u00edculo Sexto Transitorio del decreto, se\u00f1ala que el IMSS &#8211; Bienestar no asumir\u00e1 las obligaciones pendientes.&nbsp;<\/p>\n\n\n\n<p>Por lo que todo indica que no se respetar\u00e1n las condiciones generales de trabajo que actualmente tienen los trabajadores en SESVER, y tampoco las obligaciones relativas a pensiones o resoluciones o juicios emitidas por las autoridades.&nbsp;<\/p>\n\n\n\n<p>En ese sentido, Pulido Herrera solicit\u00f3 a D\u00edaz Morales de un informe de c\u00f3mo ser\u00e1 la liquidaci\u00f3n de los Servicios de Salud de Veracruz, y c\u00f3mo se dar\u00e1 cumplimiento a las obligaciones con los trabajadores.&nbsp;<\/p>\n\n\n\n<p>Ante esta situaci\u00f3n, Ver\u00f3nica Pulido Herrera ofreci\u00f3 a los trabajadores del sector salud de Veracruz, el respaldo del Grupo Legislativo del Partido Acci\u00f3n Nacional para darles acompa\u00f1amiento en este proceso; incluso vincularlos con diputadas y diputados federales para que con su intervenci\u00f3n se les brinde certeza jur\u00eddica en su situaci\u00f3n laboral.&nbsp;<\/p>\n","protected":false},"excerpt":{"rendered":"<p>Alejandro \u00c1vila Veracruz, Ver.- La transferencia de trabajadores de la Secretar\u00eda de Salud de Veracruz al IMSS &#8211; Bienestar, muestra mucho opacidad en sus t\u00e9rminos, pues los empleados aparentemente se quedar\u00edan sin sus prestaciones de ley. Durante la comparecencia del secretario de Salud de Veracruz, Gerardo D\u00edaz Morales, ante el Congreso Local, la diputada panista, [&hellip;]<\/p>\n","protected":false},"author":1,"featured_media":34154,"comment_status":"open","ping_status":"open","sticky":false,"template":"","format":"standard","meta":{"_jetpack_memberships_contains_paid_content":false,"footnotes":""},"categories":[9],"tags":[],"class_list":["post-34153","post","type-post","status-publish","format-standard","has-post-thumbnail","hentry","category-salud"],"jetpack_featured_media_url":"https:\/\/encuentroinformativo.com.mx\/wp-content\/uploads\/2022\/12\/8F4CC124-B4B6-44B5-AA64-00E143AE3836.jpeg","jetpack_sharing_enabled":true,"jetpack_likes_enabled":true,"amp_enabled":true,"_links":{"self":[{"href":"https:\/\/encuentroinformativo.com.mx\/index.php?rest_route=\/wp\/v2\/posts\/34153","targetHints":{"allow":["GET"]}}],"collection":[{"href":"https:\/\/encuentroinformativo.com.mx\/index.php?rest_route=\/wp\/v2\/posts"}],"about":[{"href":"https:\/\/encuentroinformativo.com.mx\/index.php?rest_route=\/wp\/v2\/types\/post"}],"author":[{"embeddable":true,"href":"https:\/\/encuentroinformativo.com.mx\/index.php?rest_route=\/wp\/v2\/users\/1"}],"replies":[{"embeddable":true,"href":"https:\/\/encuentroinformativo.com.mx\/index.php?rest_route=%2Fwp%2Fv2%2Fcomments&post=34153"}],"version-history":[{"count":1,"href":"https:\/\/encuentroinformativo.com.mx\/index.php?rest_route=\/wp\/v2\/posts\/34153\/revisions"}],"predecessor-version":[{"id":34155,"href":"https:\/\/encuentroinformativo.com.mx\/index.php?rest_route=\/wp\/v2\/posts\/34153\/revisions\/34155"}],"wp:featuredmedia":[{"embeddable":true,"href":"https:\/\/encuentroinformativo.com.mx\/index.php?rest_route=\/wp\/v2\/media\/34154"}],"wp:attachment":[{"href":"https:\/\/encuentroinformativo.com.mx\/index.php?rest_route=%2Fwp%2Fv2%2Fmedia&parent=34153"}],"wp:term":[{"taxonomy":"category","embeddable":true,"href":"https:\/\/encuentroinformativo.com.mx\/index.php?rest_route=%2Fwp%2Fv2%2Fcategories&post=34153"},{"taxonomy":"post_tag","embeddable":true,"href":"https:\/\/encuentroinformativo.com.mx\/index.php?rest_route=%2Fwp%2Fv2%2Ftags&post=34153"}],"curies":[{"name":"wp","href":"https:\/\/api.w.org\/{rel}","templated":true}]}}