{"id":34156,"date":"2022-12-06T11:49:47","date_gmt":"2022-12-06T17:49:47","guid":{"rendered":"https:\/\/encuentroinformativo.com.mx\/?p=34156"},"modified":"2022-12-06T11:49:51","modified_gmt":"2022-12-06T17:49:51","slug":"en-veracruz-capturan-a-presunto-secuestrador-chiapaneco","status":"publish","type":"post","link":"https:\/\/encuentroinformativo.com.mx\/?p=34156","title":{"rendered":"En Veracruz, capturan a presunto secuestrador chiapaneco"},"content":{"rendered":"\n<p><strong>Alejandro \u00c1vila<\/strong><\/p>\n\n\n\n<p>Tuxpan, Ver.- La Unidad Especializada en Combate al Secuestro (UECS) de Veracruz en coordinaci\u00f3n con su hom\u00f3loga en Chiapas, lograron la aprehensi\u00f3n de un presunto secuestrador que se ocultaba en el municipio de Pueblo Viejo de la entidad veracruzana.<\/p>\n\n\n\n<p>\u00c1lvaro &#8220;N&#8221; alias &#8220;Comandante Pulga&#8221;, es presunto integrante de una c\u00e9lula delictiva y acusado de los delitos de privaci\u00f3n ilegal de la libertad, en la modalidad de secuestro y delincuencia organizada.<\/p>\n\n\n\n<p>Los hechos por los cuales era buscado por la justicia ocurrieron en el a\u00f1o 2010 en el municipio de Villa Flores del estado de Chiapas, d\u00f3nde presuntamente habr\u00eda privado de la libertad a qui\u00e9n fue identificado como A.N.H., y por qui\u00e9n habr\u00eda pedido un pago a cambio de su liberaci\u00f3n, para posteriormente huir hacia el estado de Veracruz.<\/p>\n\n\n\n<p>En respeto a sus derechos humanos y en estricto apego al debido proceso, fue detenido y puesto a disposici\u00f3n de la autoridad correspondiente, y posteriormente ser\u00e1 trasladado al estado de Chiapas ante el Juez que lo requiere, dentro del expediente 76\/2010<\/p>\n","protected":false},"excerpt":{"rendered":"<p>Alejandro \u00c1vila Tuxpan, Ver.- La Unidad Especializada en Combate al Secuestro (UECS) de Veracruz en coordinaci\u00f3n con su hom\u00f3loga en Chiapas, lograron la aprehensi\u00f3n de un presunto secuestrador que se ocultaba en el municipio de Pueblo Viejo de la entidad veracruzana. \u00c1lvaro &#8220;N&#8221; alias &#8220;Comandante Pulga&#8221;, es presunto integrante de una c\u00e9lula delictiva y acusado [&hellip;]<\/p>\n","protected":false},"author":1,"featured_media":34157,"comment_status":"open","ping_status":"open","sticky":false,"template":"","format":"standard","meta":{"_jetpack_memberships_contains_paid_content":false,"footnotes":""},"categories":[2],"tags":[],"class_list":["post-34156","post","type-post","status-publish","format-standard","has-post-thumbnail","hentry","category-estado"],"jetpack_featured_media_url":"https:\/\/encuentroinformativo.com.mx\/wp-content\/uploads\/2022\/12\/92F815B8-E797-4309-9A2B-D6FE7E569FB6.jpeg","jetpack_sharing_enabled":true,"jetpack_likes_enabled":true,"amp_enabled":true,"_links":{"self":[{"href":"https:\/\/encuentroinformativo.com.mx\/index.php?rest_route=\/wp\/v2\/posts\/34156","targetHints":{"allow":["GET"]}}],"collection":[{"href":"https:\/\/encuentroinformativo.com.mx\/index.php?rest_route=\/wp\/v2\/posts"}],"about":[{"href":"https:\/\/encuentroinformativo.com.mx\/index.php?rest_route=\/wp\/v2\/types\/post"}],"author":[{"embeddable":true,"href":"https:\/\/encuentroinformativo.com.mx\/index.php?rest_route=\/wp\/v2\/users\/1"}],"replies":[{"embeddable":true,"href":"https:\/\/encuentroinformativo.com.mx\/index.php?rest_route=%2Fwp%2Fv2%2Fcomments&post=34156"}],"version-history":[{"count":1,"href":"https:\/\/encuentroinformativo.com.mx\/index.php?rest_route=\/wp\/v2\/posts\/34156\/revisions"}],"predecessor-version":[{"id":34158,"href":"https:\/\/encuentroinformativo.com.mx\/index.php?rest_route=\/wp\/v2\/posts\/34156\/revisions\/34158"}],"wp:featuredmedia":[{"embeddable":true,"href":"https:\/\/encuentroinformativo.com.mx\/index.php?rest_route=\/wp\/v2\/media\/34157"}],"wp:attachment":[{"href":"https:\/\/encuentroinformativo.com.mx\/index.php?rest_route=%2Fwp%2Fv2%2Fmedia&parent=34156"}],"wp:term":[{"taxonomy":"category","embeddable":true,"href":"https:\/\/encuentroinformativo.com.mx\/index.php?rest_route=%2Fwp%2Fv2%2Fcategories&post=34156"},{"taxonomy":"post_tag","embeddable":true,"href":"https:\/\/encuentroinformativo.com.mx\/index.php?rest_route=%2Fwp%2Fv2%2Ftags&post=34156"}],"curies":[{"name":"wp","href":"https:\/\/api.w.org\/{rel}","templated":true}]}}