{"id":34159,"date":"2022-12-06T13:31:02","date_gmt":"2022-12-06T19:31:02","guid":{"rendered":"https:\/\/encuentroinformativo.com.mx\/?p=34159"},"modified":"2022-12-06T13:31:06","modified_gmt":"2022-12-06T19:31:06","slug":"reportan-desaparecido-a-tesorero-de-sayula-de-aleman","status":"publish","type":"post","link":"https:\/\/encuentroinformativo.com.mx\/?p=34159","title":{"rendered":"Reportan desaparecido a tesorero de Sayula de Alem\u00e1n"},"content":{"rendered":"\n<p><strong>Alejandro \u00c1vila<\/strong><\/p>\n\n\n\n<p>Sayula de Alem\u00e1n, Ver.- El tesorero del municipio de Sayula de Alem\u00e1n, Rafael Gonz\u00e1lez C\u00e1rdenas ha sido reportado como no localizable desde la ma\u00f1ana de este martes.<\/p>\n\n\n\n<p>Colaboradores del empleado municipal y familiares temen por su integridad f\u00edsica, ya que hay que recordar que, hace unas semanas su vivienda fue allanada por un grupo armado.<\/p>\n\n\n\n<p>Tras padecer el ingreso ilegal a su hogar, el funcionario municipal denunci\u00f3 esta acci\u00f3n ante la Fiscal\u00eda General del Estado de Veracruz, se\u00f1alando a personal de la alcaldesa Lorena S\u00e1nchez Vargas como probables ejecutores de la acci\u00f3n, y responsabilizando a la presidenta municipal de cualquier cosa que pudiera pasarle a \u00e9l o a su familia.<\/p>\n\n\n\n<p>Es de mencionar que el pasado 13 de noviembre, el Tesorero Municipal, Rafael Gonz\u00e1lez C\u00e1rdenas mostr\u00f3 un video a trav\u00e9s de sus redes sociales, donde denunciaban que un alto funcionario de la actual administraci\u00f3n estatal en alianza con alcaldesa, Lorena S\u00e1nchez, le estaban fabricando delitos para poderlo quitar de su puesto, y as\u00ed ellos poder administrar las finanzas del municipio<\/p>\n","protected":false},"excerpt":{"rendered":"<p>Alejandro \u00c1vila Sayula de Alem\u00e1n, Ver.- El tesorero del municipio de Sayula de Alem\u00e1n, Rafael Gonz\u00e1lez C\u00e1rdenas ha sido reportado como no localizable desde la ma\u00f1ana de este martes. Colaboradores del empleado municipal y familiares temen por su integridad f\u00edsica, ya que hay que recordar que, hace unas semanas su vivienda fue allanada por un [&hellip;]<\/p>\n","protected":false},"author":1,"featured_media":34160,"comment_status":"open","ping_status":"open","sticky":false,"template":"","format":"standard","meta":{"_jetpack_memberships_contains_paid_content":false,"footnotes":""},"categories":[2],"tags":[],"class_list":["post-34159","post","type-post","status-publish","format-standard","has-post-thumbnail","hentry","category-estado"],"jetpack_featured_media_url":"https:\/\/encuentroinformativo.com.mx\/wp-content\/uploads\/2022\/12\/5B77F180-C66B-432B-8185-1ED99C1DFC24.jpeg","jetpack_sharing_enabled":true,"jetpack_likes_enabled":true,"amp_enabled":true,"_links":{"self":[{"href":"https:\/\/encuentroinformativo.com.mx\/index.php?rest_route=\/wp\/v2\/posts\/34159","targetHints":{"allow":["GET"]}}],"collection":[{"href":"https:\/\/encuentroinformativo.com.mx\/index.php?rest_route=\/wp\/v2\/posts"}],"about":[{"href":"https:\/\/encuentroinformativo.com.mx\/index.php?rest_route=\/wp\/v2\/types\/post"}],"author":[{"embeddable":true,"href":"https:\/\/encuentroinformativo.com.mx\/index.php?rest_route=\/wp\/v2\/users\/1"}],"replies":[{"embeddable":true,"href":"https:\/\/encuentroinformativo.com.mx\/index.php?rest_route=%2Fwp%2Fv2%2Fcomments&post=34159"}],"version-history":[{"count":1,"href":"https:\/\/encuentroinformativo.com.mx\/index.php?rest_route=\/wp\/v2\/posts\/34159\/revisions"}],"predecessor-version":[{"id":34161,"href":"https:\/\/encuentroinformativo.com.mx\/index.php?rest_route=\/wp\/v2\/posts\/34159\/revisions\/34161"}],"wp:featuredmedia":[{"embeddable":true,"href":"https:\/\/encuentroinformativo.com.mx\/index.php?rest_route=\/wp\/v2\/media\/34160"}],"wp:attachment":[{"href":"https:\/\/encuentroinformativo.com.mx\/index.php?rest_route=%2Fwp%2Fv2%2Fmedia&parent=34159"}],"wp:term":[{"taxonomy":"category","embeddable":true,"href":"https:\/\/encuentroinformativo.com.mx\/index.php?rest_route=%2Fwp%2Fv2%2Fcategories&post=34159"},{"taxonomy":"post_tag","embeddable":true,"href":"https:\/\/encuentroinformativo.com.mx\/index.php?rest_route=%2Fwp%2Fv2%2Ftags&post=34159"}],"curies":[{"name":"wp","href":"https:\/\/api.w.org\/{rel}","templated":true}]}}