{"id":3416,"date":"2020-06-17T10:16:04","date_gmt":"2020-06-17T15:16:04","guid":{"rendered":"https:\/\/encuentroinformativo.com\/?p=3416"},"modified":"2020-06-17T10:16:06","modified_gmt":"2020-06-17T15:16:06","slug":"el-pejedente-y-bola-8","status":"publish","type":"post","link":"https:\/\/encuentroinformativo.com.mx\/?p=3416","title":{"rendered":"El Pejedente y Bola 8"},"content":{"rendered":"\n<p><strong>Los Pol\u00edticos<\/strong><\/p>\n\n\n\n<p><strong>Salvador Mu\u00f1oz<\/strong><br><\/p>\n\n\n\n<p>Primer escenario ideal&#8230;<\/p>\n\n\n\n<p>Se informa al Presidente de que hay una manifestaci\u00f3n en la entrada de las instalaciones del 63\/o Batall\u00f3n de Infanter\u00eda, justo donde est\u00e1 dando su \u201cMa\u00f1anera\u201d en El Lencero. Al enterarse que la mayor\u00eda de ellas son madres de desaparecidos, pide al secretario de Gobierno, Bola 8, que integre una comisi\u00f3n de tres personas y las haga pasar para que las atienda all\u00ed mismo. Sale con ellas en su camioneta y en la entrada, se despide mientras indica al resto, que la Comisi\u00f3n tiene un mensaje que darles\u2026<\/p>\n\n\n\n<p>Segundo escenario ideal\u2026<\/p>\n\n\n\n<p>El encargado de la Gobernabilidad en la entidad est\u00e1 enterado que habr\u00e1 manifestaciones en el 63\/o Batall\u00f3n de Infanter\u00eda durante la visita del Presidente. Desde muy temprano, se apersona en el punto y se re\u00fane con los manifestantes. Logra un acuerdo con ellos, tanto con madres de desaparecidos como con personal del sector salud. Desactiva el problema\u2026<\/p>\n\n\n\n<p>Tercer escenario ideal\u2026<\/p>\n\n\n\n<p>Justo a la salida del 63\/o Batall\u00f3n de Infanter\u00eda, el Presidente se encuentra con una manifestaci\u00f3n de madres de desaparecidos que rodean el Tsuru donde viaja (les dije que es un escenario ideal). Entonces, aparece el secretario de Gobierno, don Bola 8, acompa\u00f1ado de su fiel escudero Jorge Ch\u00e1vez M\u00e9ndez; se presenta con tarjeta en mano a la vez que empieza a atender a los presentes. El Presidente baja la ventanilla y a todo pulm\u00f3n, grita: \u201c\u00a1Ai te encargo, Pedajito de Chapopote! \u00a1Me entregas cuentas!\u201d Los manifestantes voltean y despiden al Mandatario\u2026 El secretario de Gobierno se queda atendiendo a cada uno y una de los demandantes y adem\u00e1s acuerda una reuni\u00f3n en Palacio de Gobierno con la Fiscal del Estado, Ver\u00f3nica Hern\u00e1ndez Giad\u00e1ns y la Comisi\u00f3n Estatal de B\u00fasqueda\u2026<\/p>\n\n\n\n<p>Y podr\u00edamos seguir haciendo escenarios ideales pero ninguno de los que escribi\u00e9ramos anhelando las bondades de unos pol\u00edticos que est\u00e1n lejos de serlo, podr\u00eda borrar el lapidario grito de una mujer: \u201c\u00a1S\u00f3lo atiendes a la mam\u00e1 del Chapo!\u201d<\/p>\n\n\n\n<p>Contundente, certero, doloroso, el grito al Presidente exhibe dos puntos:<\/p>\n\n\n\n<p>1.- Un Presidente alejado de la realidad de las veracruzanas, y por ende, de las mexicanas, porque no s\u00f3lo en nuestra entidad hay desaparecidos\u2026<\/p>\n\n\n\n<p>2.- Un secretario de Gobierno que a dos a\u00f1os de ocupar un cargo, sigue sin entender su trabajo que es mantener la Gobernabilidad en la entidad.<\/p>\n\n\n\n<p>Una manifestaci\u00f3n y en particular la de familiares de desaparecidos, no debe permitirse, pero ojo, no hablo de una censura a la libertad de expresi\u00f3n, sino que es inadmisible que estas personas tengan que salir a la calle, con gritos y pancartas a demandar justicia en un asunto tan delicado como es la desaparici\u00f3n de sus hijos, hijas, esposos, esposas, etc\u00e9tera porque eso demuestra que no las atienden y m\u00e1s cuando se presum\u00eda de un gobierno distinto, de una Fiscal\u00eda distinta, de que se cre\u00f3 una Comisi\u00f3n Estatal de B\u00fasqueda que al menos, este lunes, si la buscaron, no la encontraron&#8230;<\/p>\n\n\n\n<p>Por m\u00e1s que trato, no hallo el pretexto perfecto para que Bola 8 no haya hecho su trabajo este lunes, ya al menos este lunes, para evitar la exhibidota al presidente con ese grito: \u201c\u00a1S\u00f3lo atiendes a la mam\u00e1 del Chapo!\u201d<\/p>\n\n\n\n<p>Y aunque el Presidente pretext\u00f3 que no se baj\u00f3 por la emergencia sanitaria (se le olvidaron las mordidas a las ni\u00f1as, los \u201csalgan no pasa nada\u201d, las estampitas y perderle el miedo a la realidad), se escud\u00f3 en la Sana Distancia\u2026 aunque para muchos otros esgrimimos otra Sana\u2026&nbsp; que por respeto al lector, no lo diremos\u2026 mejor nos quedamos con ese grito: \u201c\u00a1S\u00f3lo atiendes a la mam\u00e1 del Chapo!\u201d<br><\/p>\n\n\n\n<p><a href=\"mailto:smcainito@gmail.com\" target=\"_blank\" rel=\"noreferrer noopener\">smcainito@gmail.com<\/a><\/p>\n\n\n\n<p><\/p>\n","protected":false},"excerpt":{"rendered":"<p>Los Pol\u00edticos Salvador Mu\u00f1oz Primer escenario ideal&#8230; Se informa al Presidente de que hay una manifestaci\u00f3n en la entrada de las instalaciones del 63\/o Batall\u00f3n de Infanter\u00eda, justo donde est\u00e1 dando su \u201cMa\u00f1anera\u201d en El Lencero. Al enterarse que la mayor\u00eda de ellas son madres de desaparecidos, pide al secretario de Gobierno, Bola 8, que [&hellip;]<\/p>\n","protected":false},"author":1,"featured_media":387,"comment_status":"open","ping_status":"open","sticky":false,"template":"","format":"standard","meta":{"_jetpack_memberships_contains_paid_content":false,"footnotes":""},"categories":[11],"tags":[],"class_list":["post-3416","post","type-post","status-publish","format-standard","has-post-thumbnail","hentry","category-opinion"],"jetpack_featured_media_url":"https:\/\/encuentroinformativo.com.mx\/wp-content\/uploads\/2020\/03\/7CF8A22B-2764-47BE-8F7F-38FE9E5D6A2F.jpeg","jetpack_sharing_enabled":true,"jetpack_likes_enabled":true,"amp_enabled":true,"_links":{"self":[{"href":"https:\/\/encuentroinformativo.com.mx\/index.php?rest_route=\/wp\/v2\/posts\/3416","targetHints":{"allow":["GET"]}}],"collection":[{"href":"https:\/\/encuentroinformativo.com.mx\/index.php?rest_route=\/wp\/v2\/posts"}],"about":[{"href":"https:\/\/encuentroinformativo.com.mx\/index.php?rest_route=\/wp\/v2\/types\/post"}],"author":[{"embeddable":true,"href":"https:\/\/encuentroinformativo.com.mx\/index.php?rest_route=\/wp\/v2\/users\/1"}],"replies":[{"embeddable":true,"href":"https:\/\/encuentroinformativo.com.mx\/index.php?rest_route=%2Fwp%2Fv2%2Fcomments&post=3416"}],"version-history":[{"count":1,"href":"https:\/\/encuentroinformativo.com.mx\/index.php?rest_route=\/wp\/v2\/posts\/3416\/revisions"}],"predecessor-version":[{"id":3417,"href":"https:\/\/encuentroinformativo.com.mx\/index.php?rest_route=\/wp\/v2\/posts\/3416\/revisions\/3417"}],"wp:featuredmedia":[{"embeddable":true,"href":"https:\/\/encuentroinformativo.com.mx\/index.php?rest_route=\/wp\/v2\/media\/387"}],"wp:attachment":[{"href":"https:\/\/encuentroinformativo.com.mx\/index.php?rest_route=%2Fwp%2Fv2%2Fmedia&parent=3416"}],"wp:term":[{"taxonomy":"category","embeddable":true,"href":"https:\/\/encuentroinformativo.com.mx\/index.php?rest_route=%2Fwp%2Fv2%2Fcategories&post=3416"},{"taxonomy":"post_tag","embeddable":true,"href":"https:\/\/encuentroinformativo.com.mx\/index.php?rest_route=%2Fwp%2Fv2%2Ftags&post=3416"}],"curies":[{"name":"wp","href":"https:\/\/api.w.org\/{rel}","templated":true}]}}