{"id":34166,"date":"2022-12-06T14:18:24","date_gmt":"2022-12-06T20:18:24","guid":{"rendered":"https:\/\/encuentroinformativo.com.mx\/?p=34166"},"modified":"2022-12-06T14:18:27","modified_gmt":"2022-12-06T20:18:27","slug":"dictan-prision-preventiva-a-presuntos-feminicidas-de-rosa-isela","status":"publish","type":"post","link":"https:\/\/encuentroinformativo.com.mx\/?p=34166","title":{"rendered":"Dictan prisi\u00f3n preventiva a presuntos feminicidas de Rosa Isela"},"content":{"rendered":"\n<p><strong>Juan Arcos <\/strong><\/p>\n\n\n\n<p>Xalapa, Ver.- Ver\u00f3nica \u201cN\u201d y Gonzalo \u201cN\u201d fueron imputados por un juez de control como presuntos responsables del delito de desaparici\u00f3n contra Rosa Isela, la joven embarazada a la que le extirparon su beb\u00e9 y fue asesinada en Veracruz.<\/p>\n\n\n\n<p>La Fiscal\u00eda Especializada en Investigaci\u00f3n de Delitos de Violencia Contra la Familia, Mujeres, Ni\u00f1as y Ni\u00f1os y Trata de Personas contin\u00faa con la investigaci\u00f3n por la probable comisi\u00f3n del delito de feminicidio.<\/p>\n\n\n\n<p>El Juez dict\u00f3 como medida cautelar prisi\u00f3n preventiva oficiosa por el tiempo que dure el proceso penal 1271\/2022.<\/p>\n\n\n\n<p>\u201cLa Fiscal\u00eda General del Estado, encabezada por Ver\u00f3nica Hern\u00e1ndez Giad\u00e1ns \u00a0a trav\u00e9s de la Fiscal\u00eda Especializada para la Atenci\u00f3n de Denuncias por Personas Desaparecidas realiz\u00f3 imputaci\u00f3n en contra de Gonzalo y Ver\u00f3nica como presuntos responsables del delito de desaparici\u00f3n cometida por particulares agravado por su condici\u00f3n \u00a0de embarazo, en agravio de la v\u00edctima Rosa Isela Castro V\u00e1zquez, y por el delito cometido en agravio de la reci\u00e9n nacida por la omisi\u00f3n de entregar al nacido de una v\u00edctima del delito de desaparici\u00f3n a la autoridad o a sus familiares\u201d, revela la dependencia estatal en un comunicado.<\/p>\n\n\n\n<p>El gobernador de Veracruz, Cuitl\u00e1huac Garc\u00eda Jim\u00e9nez, inform\u00f3 que se aplicar\u00e1 todo el peso de la ley contra los presuntos responsables de este crimen.<\/p>\n\n\n\n<p>En conferencia de prensa, el mandatario estatal reconoci\u00f3 el trabajo de la Fiscal\u00eda General del Estado e indic\u00f3 que Ver\u00f3nica \u201cN\u201d plane\u00f3 la privaci\u00f3n ilegal de la libertad, el asesinato y el robo de la beb\u00e9 en agravio de Rosa Isela, toda vez que durante varios meses fingi\u00f3 un embarazo.<\/p>\n\n\n\n<p>El mandatario estatal detall\u00f3 que la presunta feminicida pag\u00f3 10 mil pesos a Gonzalo \u201cN\u201d, para que fuera su c\u00f3mplice y as\u00ed llevar a cabo su plan.<\/p>\n\n\n\n<p>Tambi\u00e9n destac\u00f3 que Ver\u00f3nica us\u00f3 las redes sociales y logr\u00f3 \u201cenganchar\u201d a la joven de 20 a\u00f1os, con ocho meses y medio de gestaci\u00f3n, prometi\u00e9ndole que le regalar\u00eda ropa para su beb\u00e9.<\/p>\n\n\n\n<p>\u201cEn lo judicial, opinamos que en el caso donde la madre es privada de la vida y el beb\u00e9 es retenido por la presunta culpable, se debe tipificar, en nuestra opini\u00f3n y as\u00ed lo hemos solicitado a la Fiscal\u00eda la desaparici\u00f3n en grado de tentativa, el feminicidio y el robo de un infante, por lo menos\u201d, expres\u00f3.<\/p>\n\n\n\n<p>El pasado 30 de noviembre, la joven sali\u00f3 de su domicilio en el puerto de Veracruz para encontrarse con una mujer que contact\u00f3 a trav\u00e9s de Facebook y que supuestamente le donar\u00eda ropa para su beb\u00e9.<\/p>\n\n\n\n<p>Ella fue citada en una farmacia, ubicada en la carretera Veracruz-Xalapa, a la altura de Las Bajadas. En un video que les fue mostrado a los familiares se observa cuando la joven es subida a un taxi obligada por otra mujer.<\/p>\n\n\n\n<p>Sin embargo, dos d\u00edas despu\u00e9s su cuerpo fue encontrado en el rancho \u201cLos Arrieros\u201d de la localidad Rancho del Padre, del municipio de Medell\u00edn de Bravo.<\/p>\n\n\n\n<p>La tarde de este lunes, Rosa Isela fue sepultada en el pante\u00f3n de la localidad Tierra Colorada, municipio de Paso de Ovejas.<\/p>\n\n\n\n<p>La reci\u00e9n nacida, a quien nombrar\u00eda Lia, contin\u00faa bajo resguardo de la Fiscal\u00eda General del Estado y contin\u00faa el procedimiento para que sea entregada a su padre.<\/p>\n","protected":false},"excerpt":{"rendered":"<p>Juan Arcos Xalapa, Ver.- Ver\u00f3nica \u201cN\u201d y Gonzalo \u201cN\u201d fueron imputados por un juez de control como presuntos responsables del delito de desaparici\u00f3n contra Rosa Isela, la joven embarazada a la que le extirparon su beb\u00e9 y fue asesinada en Veracruz. La Fiscal\u00eda Especializada en Investigaci\u00f3n de Delitos de Violencia Contra la Familia, Mujeres, Ni\u00f1as [&hellip;]<\/p>\n","protected":false},"author":1,"featured_media":34167,"comment_status":"open","ping_status":"open","sticky":false,"template":"","format":"standard","meta":{"_jetpack_memberships_contains_paid_content":false,"footnotes":""},"categories":[14],"tags":[],"class_list":["post-34166","post","type-post","status-publish","format-standard","has-post-thumbnail","hentry","category-policiaca"],"jetpack_featured_media_url":"https:\/\/encuentroinformativo.com.mx\/wp-content\/uploads\/2022\/12\/5F524FDE-9B79-4934-A7D3-622063A5A658.jpeg","jetpack_sharing_enabled":true,"jetpack_likes_enabled":true,"amp_enabled":true,"_links":{"self":[{"href":"https:\/\/encuentroinformativo.com.mx\/index.php?rest_route=\/wp\/v2\/posts\/34166","targetHints":{"allow":["GET"]}}],"collection":[{"href":"https:\/\/encuentroinformativo.com.mx\/index.php?rest_route=\/wp\/v2\/posts"}],"about":[{"href":"https:\/\/encuentroinformativo.com.mx\/index.php?rest_route=\/wp\/v2\/types\/post"}],"author":[{"embeddable":true,"href":"https:\/\/encuentroinformativo.com.mx\/index.php?rest_route=\/wp\/v2\/users\/1"}],"replies":[{"embeddable":true,"href":"https:\/\/encuentroinformativo.com.mx\/index.php?rest_route=%2Fwp%2Fv2%2Fcomments&post=34166"}],"version-history":[{"count":1,"href":"https:\/\/encuentroinformativo.com.mx\/index.php?rest_route=\/wp\/v2\/posts\/34166\/revisions"}],"predecessor-version":[{"id":34168,"href":"https:\/\/encuentroinformativo.com.mx\/index.php?rest_route=\/wp\/v2\/posts\/34166\/revisions\/34168"}],"wp:featuredmedia":[{"embeddable":true,"href":"https:\/\/encuentroinformativo.com.mx\/index.php?rest_route=\/wp\/v2\/media\/34167"}],"wp:attachment":[{"href":"https:\/\/encuentroinformativo.com.mx\/index.php?rest_route=%2Fwp%2Fv2%2Fmedia&parent=34166"}],"wp:term":[{"taxonomy":"category","embeddable":true,"href":"https:\/\/encuentroinformativo.com.mx\/index.php?rest_route=%2Fwp%2Fv2%2Fcategories&post=34166"},{"taxonomy":"post_tag","embeddable":true,"href":"https:\/\/encuentroinformativo.com.mx\/index.php?rest_route=%2Fwp%2Fv2%2Ftags&post=34166"}],"curies":[{"name":"wp","href":"https:\/\/api.w.org\/{rel}","templated":true}]}}