{"id":34169,"date":"2022-12-06T14:43:13","date_gmt":"2022-12-06T20:43:13","guid":{"rendered":"https:\/\/encuentroinformativo.com.mx\/?p=34169"},"modified":"2022-12-06T14:43:17","modified_gmt":"2022-12-06T20:43:17","slug":"acusan-despidos-en-sedema-protestan-en-congreso","status":"publish","type":"post","link":"https:\/\/encuentroinformativo.com.mx\/?p=34169","title":{"rendered":"Acusan despidos en SEDEMA, protestan en Congreso"},"content":{"rendered":"\n<p><strong>Dar\u00edo Pale<\/strong><\/p>\n\n\n\n<p>Xalapa, Ver.- Un grupo de mujeres se manifestaron a las afueras del congreso del estado durante la comparecencia del titular de la Secretar\u00eda del Medio Ambiente (SEDEMA), acusan que fueron despedidas sin motivo alguno y no les quieren pagar por lo que les dan largas y son tratadas de forma machista.<\/p>\n\n\n\n<p>Entrevistada durante la manifestaci\u00f3n Catering una de las afectadas coment\u00f3 que llevan m\u00e1s de tres a\u00f1os trabajando en dicha secretar\u00eda y no hab\u00edan tenido problemas hasta que iniciaron un despido injustificado de personal en la direcci\u00f3n de control de la contaminaci\u00f3n desde hace un mes aproximadamente.<\/p>\n\n\n\n<p>&#8220;No nos dicen porque nos despiden solamente un d\u00eda a las 5 o 6 de la tarde nos mandan a Recursos Humanos ya se acabo, ya no vas a laborar, no nos dan justificaci\u00f3n, ahorita estamos pidiendo nuestro mes trece como nosotros le llamamos en el programa y nos dijeron que no nos van a dar nada a nosotros que nos despidieron apenas hace un mes&#8221;, se\u00f1al\u00f3.<\/p>\n\n\n\n<p>&#8220;No nos quieren pagar el mes que ya trabajamos, nos dan largas el trato es misogino, machista, con el secretario no se puede hablar no ha querido acercar, no ha querido nada, se ha querido hablar con \u00e9l y tampoco a querido nada&#8221;, agreg\u00f3.<\/p>\n\n\n\n<p>Dio a conocer que est\u00e1n contratando a sus amigos, compa\u00f1eros de la universidad y son gentes sin experiencia, por lo que est\u00e1n solicitando el apoyo del gobernador ya que \u00e9l titular de la dependencia se jacta de ser su amigo y por eso no le dice nada y dice que todos los despidos han sido avalados por el gobernador.<\/p>\n\n\n\n<p>Est\u00e1n despidiendo a hombres y mujeres pero el mal trato es con las mujeres, actualmente van 10 personas que han despedido hasta la fecha a pesar de su contrato est\u00e1 vigente hasta terminar el a\u00f1o y hasta en el momento no les han dicho nada.<\/p>\n","protected":false},"excerpt":{"rendered":"<p>Dar\u00edo Pale Xalapa, Ver.- Un grupo de mujeres se manifestaron a las afueras del congreso del estado durante la comparecencia del titular de la Secretar\u00eda del Medio Ambiente (SEDEMA), acusan que fueron despedidas sin motivo alguno y no les quieren pagar por lo que les dan largas y son tratadas de forma machista. Entrevistada durante [&hellip;]<\/p>\n","protected":false},"author":1,"featured_media":34170,"comment_status":"open","ping_status":"open","sticky":false,"template":"","format":"standard","meta":{"_jetpack_memberships_contains_paid_content":false,"footnotes":""},"categories":[3],"tags":[],"class_list":["post-34169","post","type-post","status-publish","format-standard","has-post-thumbnail","hentry","category-xalapa"],"jetpack_featured_media_url":"https:\/\/encuentroinformativo.com.mx\/wp-content\/uploads\/2022\/12\/3A0D0620-E3FE-4E99-8399-6A234065B12C.jpeg","jetpack_sharing_enabled":true,"jetpack_likes_enabled":true,"amp_enabled":true,"_links":{"self":[{"href":"https:\/\/encuentroinformativo.com.mx\/index.php?rest_route=\/wp\/v2\/posts\/34169","targetHints":{"allow":["GET"]}}],"collection":[{"href":"https:\/\/encuentroinformativo.com.mx\/index.php?rest_route=\/wp\/v2\/posts"}],"about":[{"href":"https:\/\/encuentroinformativo.com.mx\/index.php?rest_route=\/wp\/v2\/types\/post"}],"author":[{"embeddable":true,"href":"https:\/\/encuentroinformativo.com.mx\/index.php?rest_route=\/wp\/v2\/users\/1"}],"replies":[{"embeddable":true,"href":"https:\/\/encuentroinformativo.com.mx\/index.php?rest_route=%2Fwp%2Fv2%2Fcomments&post=34169"}],"version-history":[{"count":1,"href":"https:\/\/encuentroinformativo.com.mx\/index.php?rest_route=\/wp\/v2\/posts\/34169\/revisions"}],"predecessor-version":[{"id":34171,"href":"https:\/\/encuentroinformativo.com.mx\/index.php?rest_route=\/wp\/v2\/posts\/34169\/revisions\/34171"}],"wp:featuredmedia":[{"embeddable":true,"href":"https:\/\/encuentroinformativo.com.mx\/index.php?rest_route=\/wp\/v2\/media\/34170"}],"wp:attachment":[{"href":"https:\/\/encuentroinformativo.com.mx\/index.php?rest_route=%2Fwp%2Fv2%2Fmedia&parent=34169"}],"wp:term":[{"taxonomy":"category","embeddable":true,"href":"https:\/\/encuentroinformativo.com.mx\/index.php?rest_route=%2Fwp%2Fv2%2Fcategories&post=34169"},{"taxonomy":"post_tag","embeddable":true,"href":"https:\/\/encuentroinformativo.com.mx\/index.php?rest_route=%2Fwp%2Fv2%2Ftags&post=34169"}],"curies":[{"name":"wp","href":"https:\/\/api.w.org\/{rel}","templated":true}]}}