{"id":34178,"date":"2022-12-06T23:07:33","date_gmt":"2022-12-07T05:07:33","guid":{"rendered":"https:\/\/encuentroinformativo.com.mx\/?p=34178"},"modified":"2022-12-06T23:07:36","modified_gmt":"2022-12-07T05:07:36","slug":"insisten-transportistas-en-aumento-de-tarifas","status":"publish","type":"post","link":"https:\/\/encuentroinformativo.com.mx\/?p=34178","title":{"rendered":"Insisten transportistas en aumento de tarifas"},"content":{"rendered":"\n<p><strong>Juan Arcos <\/strong><\/p>\n\n\n\n<p>Xalapa, Ver.- Los transportistas de Xalapa y la regi\u00f3n solicitaron al gobierno estatal que aumente las tarifas del servicio urbano tras el repunte en los costos del di\u00e9sel y las refacciones para sus unidades.<\/p>\n\n\n\n<p>De acuerdo con \u00d3scar Ceballos, representante del Servicio Urbano de Xalapa (SUX), reci\u00e9n fue entregado un estudio socioecon\u00f3mico a las autoridades para la actualizaci\u00f3n de tarifas.<\/p>\n\n\n\n<p>\u201cS\u00ed hemos presentado nuestros estudios socioecon\u00f3micos, precios anteriores del combustible y de c\u00f3mo est\u00e1 ahora\u201d, enfatiz\u00f3.<\/p>\n\n\n\n<p>Por tal motivo, los transportas est\u00e1n a la espera de que haya propuestas y mesas de di\u00e1logo para llegar a acuerdos con las autoridades.<\/p>\n\n\n\n<p>\u201cPara poder negociar lo que ellos nos pudieran proporcionar a una actualizaci\u00f3n al transporte\u201d, insisti\u00f3 el entrevistado.<\/p>\n\n\n\n<p>A su parecer, las tarifas deber\u00edan incrementarse 50 centavos cada a\u00f1o por la inflaci\u00f3n y el encarecimiento de los insumos.<\/p>\n\n\n\n<p>Sin embargo, desde hace ocho a\u00f1os tienen la misma tarifa y por ello es necesario que la Direcci\u00f3n General de Transporte del Estado de Veracruz intervenga para su actualizaci\u00f3n.<\/p>\n\n\n\n<p>Cabe recordar que, en 2014, el di\u00e9sel costaba 11 pesos con 75 centavos y ahora est\u00e1 en 23 pesos el litro, lo que afecta al sector transportista.<\/p>\n","protected":false},"excerpt":{"rendered":"<p>Juan Arcos Xalapa, Ver.- Los transportistas de Xalapa y la regi\u00f3n solicitaron al gobierno estatal que aumente las tarifas del servicio urbano tras el repunte en los costos del di\u00e9sel y las refacciones para sus unidades. De acuerdo con \u00d3scar Ceballos, representante del Servicio Urbano de Xalapa (SUX), reci\u00e9n fue entregado un estudio socioecon\u00f3mico a [&hellip;]<\/p>\n","protected":false},"author":1,"featured_media":34179,"comment_status":"open","ping_status":"open","sticky":false,"template":"","format":"standard","meta":{"_jetpack_memberships_contains_paid_content":false,"footnotes":""},"categories":[8],"tags":[],"class_list":["post-34178","post","type-post","status-publish","format-standard","has-post-thumbnail","hentry","category-region"],"jetpack_featured_media_url":"https:\/\/encuentroinformativo.com.mx\/wp-content\/uploads\/2022\/12\/326CE809-1FE7-4677-AC85-D356529D07BF.jpeg","jetpack_sharing_enabled":true,"jetpack_likes_enabled":true,"amp_enabled":true,"_links":{"self":[{"href":"https:\/\/encuentroinformativo.com.mx\/index.php?rest_route=\/wp\/v2\/posts\/34178","targetHints":{"allow":["GET"]}}],"collection":[{"href":"https:\/\/encuentroinformativo.com.mx\/index.php?rest_route=\/wp\/v2\/posts"}],"about":[{"href":"https:\/\/encuentroinformativo.com.mx\/index.php?rest_route=\/wp\/v2\/types\/post"}],"author":[{"embeddable":true,"href":"https:\/\/encuentroinformativo.com.mx\/index.php?rest_route=\/wp\/v2\/users\/1"}],"replies":[{"embeddable":true,"href":"https:\/\/encuentroinformativo.com.mx\/index.php?rest_route=%2Fwp%2Fv2%2Fcomments&post=34178"}],"version-history":[{"count":1,"href":"https:\/\/encuentroinformativo.com.mx\/index.php?rest_route=\/wp\/v2\/posts\/34178\/revisions"}],"predecessor-version":[{"id":34180,"href":"https:\/\/encuentroinformativo.com.mx\/index.php?rest_route=\/wp\/v2\/posts\/34178\/revisions\/34180"}],"wp:featuredmedia":[{"embeddable":true,"href":"https:\/\/encuentroinformativo.com.mx\/index.php?rest_route=\/wp\/v2\/media\/34179"}],"wp:attachment":[{"href":"https:\/\/encuentroinformativo.com.mx\/index.php?rest_route=%2Fwp%2Fv2%2Fmedia&parent=34178"}],"wp:term":[{"taxonomy":"category","embeddable":true,"href":"https:\/\/encuentroinformativo.com.mx\/index.php?rest_route=%2Fwp%2Fv2%2Fcategories&post=34178"},{"taxonomy":"post_tag","embeddable":true,"href":"https:\/\/encuentroinformativo.com.mx\/index.php?rest_route=%2Fwp%2Fv2%2Ftags&post=34178"}],"curies":[{"name":"wp","href":"https:\/\/api.w.org\/{rel}","templated":true}]}}