{"id":34184,"date":"2022-12-06T23:57:04","date_gmt":"2022-12-07T05:57:04","guid":{"rendered":"https:\/\/encuentroinformativo.com.mx\/?p=34184"},"modified":"2022-12-06T23:57:09","modified_gmt":"2022-12-07T05:57:09","slug":"se-destinaran-mayores-recursos-a-la-policia-municipal-ricardo-ahued","status":"publish","type":"post","link":"https:\/\/encuentroinformativo.com.mx\/?p=34184","title":{"rendered":"Se destinar\u00e1n mayores recursos a la polic\u00eda municipal: Ricardo Ahued"},"content":{"rendered":"\n<p>Xalapa, Ver.- Con un incremento salarial y la b\u00fasqueda de un esquema para facilitar el acceso a la vivienda, el Ayuntamiento trabaja en la dignificaci\u00f3n de la labor policial como un reconocimiento a su desempe\u00f1o y una estrategia preventiva del fen\u00f3meno de la corrupci\u00f3n, expuso el presidente municipal Ricardo Ahued Bardahuil durante su participaci\u00f3n en la trig\u00e9sima novena Sesi\u00f3n Ordinaria de la Mesa de Seguridad y Justicia de Xalapa.<\/p>\n\n\n\n<p>Ante las y los integrantes del Consejo Civil de Xalapa, el Edil explic\u00f3 que desde el Cabildo se tom\u00f3 la decisi\u00f3n de incrementar el salario a polic\u00edas antes de finalizar el a\u00f1o, as\u00ed como un porcentaje m\u00e1s a principios de 2023.<\/p>\n\n\n\n<p>Detall\u00f3 que dentro del incremento planeado para el pr\u00f3ximo a\u00f1o, se est\u00e1 trabajando en un esquema para que las y los polic\u00edas tengan acceso a un fondo de ahorro de vivienda para acceder a un inmueble propio, sin impactar en sus ingresos.<\/p>\n\n\n\n<p>Adem\u00e1s, dio a conocer que en pr\u00f3ximos d\u00edas se concluir\u00e1n las 17 calles del programa de obra p\u00fablica tripartita, donde se cont\u00f3 con material donado por el empresariado, una aportaci\u00f3n ciudadana y recursos p\u00fablicos municipales.<\/p>\n\n\n\n<p>Estas acciones, dijo, contribuyen a la mejora de las condiciones de seguridad, no solo en lo relacionado con la movilidad, sino tambi\u00e9n en el impulso a la cohesi\u00f3n social y la calidad de vida de las familias beneficiadas.<\/p>\n\n\n\n<p>Ahued Bardahuil agradeci\u00f3 el respaldo del Gobierno del Estado y las fuerzas armadas durante la conformaci\u00f3n y fortalecimiento de la Polic\u00eda Municipal, a la que se asignar\u00e1n mayores recursos durante 2023 para mejoras en equipamiento y capacitaci\u00f3n.<\/p>\n\n\n\n<p>Durante el desarrollo de la mesa, el director de Seguridad Ciudadana y Tr\u00e1nsito Municipal, Miguel Valdez Ram\u00edrez, present\u00f3 los resultados operativos obtenidos por la Polic\u00eda Municipal de enero a noviembre de 2022.<\/p>\n\n\n\n<p>Asistieron el regidor Daniel Fern\u00e1ndez Carri\u00f3n; el secretario de Gobierno, Eric Cisneros Burgos; el secretario de Seguridad P\u00fablica, Cuauht\u00e9moc Z\u00fa\u00f1iga Bonilla; la fiscal general del Estado, Ver\u00f3nica Hern\u00e1ndez Giad\u00e1ns; el director de M\u00e9xico SOS, Orlando Camacho, e integrantes del Consejo Civil de Xalapa.<\/p>\n","protected":false},"excerpt":{"rendered":"<p>Xalapa, Ver.- Con un incremento salarial y la b\u00fasqueda de un esquema para facilitar el acceso a la vivienda, el Ayuntamiento trabaja en la dignificaci\u00f3n de la labor policial como un reconocimiento a su desempe\u00f1o y una estrategia preventiva del fen\u00f3meno de la corrupci\u00f3n, expuso el presidente municipal Ricardo Ahued Bardahuil durante su participaci\u00f3n en [&hellip;]<\/p>\n","protected":false},"author":1,"featured_media":34185,"comment_status":"open","ping_status":"open","sticky":false,"template":"","format":"standard","meta":{"_jetpack_memberships_contains_paid_content":false,"footnotes":""},"categories":[3],"tags":[],"class_list":["post-34184","post","type-post","status-publish","format-standard","has-post-thumbnail","hentry","category-xalapa"],"jetpack_featured_media_url":"https:\/\/encuentroinformativo.com.mx\/wp-content\/uploads\/2022\/12\/D8B221B7-02B9-4B1D-85FC-89BA0E98B8E4.jpeg","jetpack_sharing_enabled":true,"jetpack_likes_enabled":true,"amp_enabled":true,"_links":{"self":[{"href":"https:\/\/encuentroinformativo.com.mx\/index.php?rest_route=\/wp\/v2\/posts\/34184","targetHints":{"allow":["GET"]}}],"collection":[{"href":"https:\/\/encuentroinformativo.com.mx\/index.php?rest_route=\/wp\/v2\/posts"}],"about":[{"href":"https:\/\/encuentroinformativo.com.mx\/index.php?rest_route=\/wp\/v2\/types\/post"}],"author":[{"embeddable":true,"href":"https:\/\/encuentroinformativo.com.mx\/index.php?rest_route=\/wp\/v2\/users\/1"}],"replies":[{"embeddable":true,"href":"https:\/\/encuentroinformativo.com.mx\/index.php?rest_route=%2Fwp%2Fv2%2Fcomments&post=34184"}],"version-history":[{"count":1,"href":"https:\/\/encuentroinformativo.com.mx\/index.php?rest_route=\/wp\/v2\/posts\/34184\/revisions"}],"predecessor-version":[{"id":34186,"href":"https:\/\/encuentroinformativo.com.mx\/index.php?rest_route=\/wp\/v2\/posts\/34184\/revisions\/34186"}],"wp:featuredmedia":[{"embeddable":true,"href":"https:\/\/encuentroinformativo.com.mx\/index.php?rest_route=\/wp\/v2\/media\/34185"}],"wp:attachment":[{"href":"https:\/\/encuentroinformativo.com.mx\/index.php?rest_route=%2Fwp%2Fv2%2Fmedia&parent=34184"}],"wp:term":[{"taxonomy":"category","embeddable":true,"href":"https:\/\/encuentroinformativo.com.mx\/index.php?rest_route=%2Fwp%2Fv2%2Fcategories&post=34184"},{"taxonomy":"post_tag","embeddable":true,"href":"https:\/\/encuentroinformativo.com.mx\/index.php?rest_route=%2Fwp%2Fv2%2Ftags&post=34184"}],"curies":[{"name":"wp","href":"https:\/\/api.w.org\/{rel}","templated":true}]}}