{"id":34187,"date":"2022-12-07T09:33:45","date_gmt":"2022-12-07T15:33:45","guid":{"rendered":"https:\/\/encuentroinformativo.com.mx\/?p=34187"},"modified":"2022-12-07T09:33:48","modified_gmt":"2022-12-07T15:33:48","slug":"ejecutan-a-sindico-de-omealca","status":"publish","type":"post","link":"https:\/\/encuentroinformativo.com.mx\/?p=34187","title":{"rendered":"Ejecutan a s\u00edndico de Omealca"},"content":{"rendered":"\n<p><strong>Juan Arcos<\/strong><\/p>\n\n\n\n<p>Xalapa, Ver.- El s\u00edndico del ayuntamiento de Omealca, Miguel Tinoco Garc\u00eda, fue ejecutado y su cuerpo encontrado a orilla de la carretera Amatl\u00e1n-Cuichapa, en la zona central monta\u00f1osa del estado de Veracruz.<\/p>\n\n\n\n<p>El cad\u00e1ver fue abandonado junto a una zona de ca\u00f1ales la tarde de este martes 6 de diciembre, en una zona conocida como La Brecha. Los automovilistas reportaron dicha situaci\u00f3n a la polic\u00eda. Horas m\u00e1s tarde fue identificado y se supo que se tratada del funcionario municipal.<\/p>\n\n\n\n<p>En el sitio, el personal de la Fiscal\u00eda Regional encontr\u00f3 un narcomensaje e inici\u00f3 las investigaciones correspondientes. Adem\u00e1s de que se despleg\u00f3 un operativo en la zona para la b\u00fasqueda y localizaci\u00f3n de los agresores.<\/p>\n\n\n\n<p>Los polic\u00edas realizaron un acordonamiento para preservar la escena del crimen donde el cuerpo del s\u00edndico fue encontrado con varios impactos de bala y uno de ellos en la cabeza.<\/p>\n\n\n\n<p>El cuerpo del funcionario fue trasladado porperitos al Servicio M\u00e9dico Forense (Semefo) del ejido San Miguelito del municipio de C\u00f3rdoba.<\/p>\n\n\n\n<p>En el operativo de seguridad participan Fuerza Civil, Guardia Nacional, la Secretar\u00eda de la Defensa Nacional (Sedena) y la Secretar\u00eda de Marina Armada de M\u00e9xico (Semar).<\/p>\n\n\n\n<p>Se presume que el difunto presentaba huellas de tortura y que los homicidas pusieron una cartulina encima con un mensaje amenazante, firmado presuntamente por un delincuente que opera en dicha zona ca\u00f1era de la entidad veracruzana.<\/p>\n\n\n\n<p>Sin embargo, tambi\u00e9n circula la versi\u00f3n de que su asesinato pudo haber sido por cuestiones pol\u00edticas. Miguel Tinoco fue s\u00edndico en la administraci\u00f3n de la morenista Nallely Cort\u00e9z Jim\u00e9nez.<\/p>\n\n\n\n<p>Su partido, el Movimiento de Regeneraci\u00f3n Nacional (Morena), gan\u00f3 las elecciones el a\u00f1o pasado sobre su contrincante, C\u00e9sar Le\u00f3n Rodr\u00edguez, abanderado de la coalici\u00f3n del Partido Revolucionario Institucional (PRI), Partido Acci\u00f3n Nacional (PAN) y el Partido de la Revoluci\u00f3n Democr\u00e1tica (PRD).<\/p>\n\n\n\n<p>Veracruz es una de las entidades de la Rep\u00fablica Mexicana donde han ocurrido m\u00e1s cr\u00edmenes de funcionarios y pol\u00edticos, sobre todo durante procesos electorales.<\/p>\n","protected":false},"excerpt":{"rendered":"<p>Juan Arcos Xalapa, Ver.- El s\u00edndico del ayuntamiento de Omealca, Miguel Tinoco Garc\u00eda, fue ejecutado y su cuerpo encontrado a orilla de la carretera Amatl\u00e1n-Cuichapa, en la zona central monta\u00f1osa del estado de Veracruz. El cad\u00e1ver fue abandonado junto a una zona de ca\u00f1ales la tarde de este martes 6 de diciembre, en una zona [&hellip;]<\/p>\n","protected":false},"author":1,"featured_media":34188,"comment_status":"open","ping_status":"open","sticky":false,"template":"","format":"standard","meta":{"_jetpack_memberships_contains_paid_content":false,"footnotes":""},"categories":[14],"tags":[],"class_list":["post-34187","post","type-post","status-publish","format-standard","has-post-thumbnail","hentry","category-policiaca"],"jetpack_featured_media_url":"https:\/\/encuentroinformativo.com.mx\/wp-content\/uploads\/2022\/12\/3AF7DC2E-B9B3-40BA-A1CD-5E87A3367EBA.jpeg","jetpack_sharing_enabled":true,"jetpack_likes_enabled":true,"amp_enabled":true,"_links":{"self":[{"href":"https:\/\/encuentroinformativo.com.mx\/index.php?rest_route=\/wp\/v2\/posts\/34187","targetHints":{"allow":["GET"]}}],"collection":[{"href":"https:\/\/encuentroinformativo.com.mx\/index.php?rest_route=\/wp\/v2\/posts"}],"about":[{"href":"https:\/\/encuentroinformativo.com.mx\/index.php?rest_route=\/wp\/v2\/types\/post"}],"author":[{"embeddable":true,"href":"https:\/\/encuentroinformativo.com.mx\/index.php?rest_route=\/wp\/v2\/users\/1"}],"replies":[{"embeddable":true,"href":"https:\/\/encuentroinformativo.com.mx\/index.php?rest_route=%2Fwp%2Fv2%2Fcomments&post=34187"}],"version-history":[{"count":1,"href":"https:\/\/encuentroinformativo.com.mx\/index.php?rest_route=\/wp\/v2\/posts\/34187\/revisions"}],"predecessor-version":[{"id":34189,"href":"https:\/\/encuentroinformativo.com.mx\/index.php?rest_route=\/wp\/v2\/posts\/34187\/revisions\/34189"}],"wp:featuredmedia":[{"embeddable":true,"href":"https:\/\/encuentroinformativo.com.mx\/index.php?rest_route=\/wp\/v2\/media\/34188"}],"wp:attachment":[{"href":"https:\/\/encuentroinformativo.com.mx\/index.php?rest_route=%2Fwp%2Fv2%2Fmedia&parent=34187"}],"wp:term":[{"taxonomy":"category","embeddable":true,"href":"https:\/\/encuentroinformativo.com.mx\/index.php?rest_route=%2Fwp%2Fv2%2Fcategories&post=34187"},{"taxonomy":"post_tag","embeddable":true,"href":"https:\/\/encuentroinformativo.com.mx\/index.php?rest_route=%2Fwp%2Fv2%2Ftags&post=34187"}],"curies":[{"name":"wp","href":"https:\/\/api.w.org\/{rel}","templated":true}]}}