{"id":34192,"date":"2022-12-07T09:48:03","date_gmt":"2022-12-07T15:48:03","guid":{"rendered":"https:\/\/encuentroinformativo.com.mx\/?p=34192"},"modified":"2022-12-07T09:48:06","modified_gmt":"2022-12-07T15:48:06","slug":"confian-en-repunte-de-turismo-con-rehabilitacion-de-san-juan-de-ulua","status":"publish","type":"post","link":"https:\/\/encuentroinformativo.com.mx\/?p=34192","title":{"rendered":"Conf\u00edan en repunte de turismo con rehabilitaci\u00f3n de San Juan de Ul\u00faa"},"content":{"rendered":"\n<p><strong>Alejandro \u00c1vila<\/strong><\/p>\n\n\n\n<p>Veracruz, Ver.- La reactivaci\u00f3n del turismo pospandemia fue complicada debido a la falta de sitios de recreaci\u00f3n, como fue el caso, de uno de los iconos de la ciudad y Puerto de Veracruz, San Juan de Ul\u00faa.<\/p>\n\n\n\n<p>La visita del presidente el pasado 2 de diciembre a la presentaci\u00f3n de la primera etapa de remodelaci\u00f3n del fuerte, supone un aumento considerable de visitantes en pr\u00f3ximas fechas, sobre todo en esta temporada decembrina, mencion\u00f3 el presidente del Consejo Metropolitano de Turismo (COMETUR), Sergio Lois Heredia.<\/p>\n\n\n\n<p>&#8220;La realidad es que todos los turistas que vienen a Veracruz y no solo por primera vez, a veces por segunda o por tercera, quieren visitar la fortaleza, quieren tomarse la fotograf\u00eda, quieren conocerla, dar el tour por ah\u00ed. Entonces, el hecho de que estuvo cerrada en pandemia nos afecto definitivamente, porque el turismo quer\u00eda ir y no pod\u00eda, y bueno lleva muchos a\u00f1os la fortaleza tambi\u00e9n, si bien no en un descuido, pues s\u00ed con la falta de inversi\u00f3n, es un inmueble muy antiguo, es un inmueble que est\u00e1 a la intemperie completamente, est\u00e1 en medio del mar y que por lo mismo necesita mantenimiento, necesita que se le invierta recursos y desde hace muchos a\u00f1os no pasaba, ahorita qu\u00e9 bueno que est\u00e1 pasando, es muy buena para el turista, es muy bueno para el veracruzano como tal porque es un icono de nuestra ciudad&#8221; subray\u00f3.<\/p>\n\n\n\n<p>El empresario hotelero consider\u00f3 como una cierto el que se le haya otorgado la administraci\u00f3n a la Secretar\u00eda de Marina (SEMAR), pues ha quedado claro que todos los inmuebles que est\u00e1n bajo su resguardo son muestra de buen mantenimiento y orden.<\/p>\n\n\n\n<p>&#8220;Yo creo que San Juan de Ul\u00faa no va a ser la excepci\u00f3n. S\u00ed ya est\u00e1 en control de la Secretar\u00eda de Marina estoy seguro de que van a mantenerlo en muy buenas condiciones, porque es algo que los caracteriza en sus propias instalaciones y en las instalaciones que ellos controlan, siempre est\u00e1n impecables, siempre hay un buen trato hacia el visitante, nos ha tocado estar y siempre nos han tratado con mucha educaci\u00f3n, condominio de todos los temas, el Museo Naval es un ejemplo de lo bien que se encuentra, del buen atractivo tur\u00edstico qu\u00e9 es&#8221;, puntualiz\u00f3.<\/p>\n\n\n\n<p>Finalmente, Sergio Lois Heredia consider\u00f3 acertada la nueva ruta de acceso a San Juan de Ul\u00faa, la cual ser\u00e1 v\u00eda mar\u00edtima a trav\u00e9s de un nav\u00edo.<\/p>\n\n\n\n<p>&#8220;Ahora que ya est\u00e1, creo que va a ser un aliciente para ir San Juan de Ul\u00faa y no solo verlo desde lejos, creo que va a ser mucho m\u00e1s f\u00e1cil de llegar para el turista y va a complementar una experiencia que quieren vivir los turistas, que es atravesarse desde el Malec\u00f3n a lo qu\u00e9 es San Juan de Ul\u00faa&#8221;, culmin\u00f3.<\/p>\n\n\n\n<figure class=\"wp-block-image size-large\"><img loading=\"lazy\" decoding=\"async\" width=\"1024\" height=\"768\" src=\"https:\/\/encuentroinformativo.com.mx\/wp-content\/uploads\/2022\/12\/38A424B7-2E30-4A6F-BEAE-9508DFAC9D51.jpeg\" alt=\"\" class=\"wp-image-34194\" srcset=\"https:\/\/encuentroinformativo.com.mx\/wp-content\/uploads\/2022\/12\/38A424B7-2E30-4A6F-BEAE-9508DFAC9D51.jpeg 1024w, https:\/\/encuentroinformativo.com.mx\/wp-content\/uploads\/2022\/12\/38A424B7-2E30-4A6F-BEAE-9508DFAC9D51-300x225.jpeg 300w, https:\/\/encuentroinformativo.com.mx\/wp-content\/uploads\/2022\/12\/38A424B7-2E30-4A6F-BEAE-9508DFAC9D51-768x576.jpeg 768w\" sizes=\"auto, (max-width: 1024px) 100vw, 1024px\" \/><\/figure>\n","protected":false},"excerpt":{"rendered":"<p>Alejandro \u00c1vila Veracruz, Ver.- La reactivaci\u00f3n del turismo pospandemia fue complicada debido a la falta de sitios de recreaci\u00f3n, como fue el caso, de uno de los iconos de la ciudad y Puerto de Veracruz, San Juan de Ul\u00faa. La visita del presidente el pasado 2 de diciembre a la presentaci\u00f3n de la primera etapa [&hellip;]<\/p>\n","protected":false},"author":1,"featured_media":34193,"comment_status":"open","ping_status":"open","sticky":false,"template":"","format":"standard","meta":{"_jetpack_memberships_contains_paid_content":false,"footnotes":""},"categories":[2],"tags":[],"class_list":["post-34192","post","type-post","status-publish","format-standard","has-post-thumbnail","hentry","category-estado"],"jetpack_featured_media_url":"https:\/\/encuentroinformativo.com.mx\/wp-content\/uploads\/2022\/12\/26DA896F-B500-4A47-8E38-D8DA6EC9DF92.jpeg","jetpack_sharing_enabled":true,"jetpack_likes_enabled":true,"amp_enabled":true,"_links":{"self":[{"href":"https:\/\/encuentroinformativo.com.mx\/index.php?rest_route=\/wp\/v2\/posts\/34192","targetHints":{"allow":["GET"]}}],"collection":[{"href":"https:\/\/encuentroinformativo.com.mx\/index.php?rest_route=\/wp\/v2\/posts"}],"about":[{"href":"https:\/\/encuentroinformativo.com.mx\/index.php?rest_route=\/wp\/v2\/types\/post"}],"author":[{"embeddable":true,"href":"https:\/\/encuentroinformativo.com.mx\/index.php?rest_route=\/wp\/v2\/users\/1"}],"replies":[{"embeddable":true,"href":"https:\/\/encuentroinformativo.com.mx\/index.php?rest_route=%2Fwp%2Fv2%2Fcomments&post=34192"}],"version-history":[{"count":1,"href":"https:\/\/encuentroinformativo.com.mx\/index.php?rest_route=\/wp\/v2\/posts\/34192\/revisions"}],"predecessor-version":[{"id":34195,"href":"https:\/\/encuentroinformativo.com.mx\/index.php?rest_route=\/wp\/v2\/posts\/34192\/revisions\/34195"}],"wp:featuredmedia":[{"embeddable":true,"href":"https:\/\/encuentroinformativo.com.mx\/index.php?rest_route=\/wp\/v2\/media\/34193"}],"wp:attachment":[{"href":"https:\/\/encuentroinformativo.com.mx\/index.php?rest_route=%2Fwp%2Fv2%2Fmedia&parent=34192"}],"wp:term":[{"taxonomy":"category","embeddable":true,"href":"https:\/\/encuentroinformativo.com.mx\/index.php?rest_route=%2Fwp%2Fv2%2Fcategories&post=34192"},{"taxonomy":"post_tag","embeddable":true,"href":"https:\/\/encuentroinformativo.com.mx\/index.php?rest_route=%2Fwp%2Fv2%2Ftags&post=34192"}],"curies":[{"name":"wp","href":"https:\/\/api.w.org\/{rel}","templated":true}]}}