{"id":34204,"date":"2022-12-07T12:59:08","date_gmt":"2022-12-07T18:59:08","guid":{"rendered":"https:\/\/encuentroinformativo.com.mx\/?p=34204"},"modified":"2022-12-07T12:59:12","modified_gmt":"2022-12-07T18:59:12","slug":"solicitan-docentes-para-primaria-diaz-miron","status":"publish","type":"post","link":"https:\/\/encuentroinformativo.com.mx\/?p=34204","title":{"rendered":"Solicitan docentes para primaria D\u00edaz Mir\u00f3n"},"content":{"rendered":"\n<p><strong>Juan Arcos <\/strong><\/p>\n\n\n\n<p>Xalapa, Ver.- Madres y padres de familia de la escuela primaria \u201cSalvador D\u00edaz Mir\u00f3n\u201d, de esta ciudad de Xalapa, recaban firmas para solicitar la asignaci\u00f3n de cuatro docentes.<\/p>\n\n\n\n<p>De manera an\u00f3nima, una madre de familia mencion\u00f3 que desde hace dos a\u00f1os carecen de profesores en este plantel, ubicado sobre la calle Salvador D\u00edaz Mir\u00f3n, frente al parque Miguel Hidalgo y Costilla, mejor conocido como \u201cLos Berros\u201d.<\/p>\n\n\n\n<p>\u201cLas firmas son para solicitar los maestros que nos hacen falta en la escuela, hace falta el docente del Quinto D, por ejemplo\u201d, expres\u00f3.<\/p>\n\n\n\n<p>La falta de profesores se ha dado debido a que algunos de ellos se han jubilado, sin que se haya nombrado a otra persona para su reemplazo.<\/p>\n\n\n\n<p>La madre de familia tambi\u00e9n consider\u00f3 que este problema afecta directamente a los estudiantes y por ello se ha solicitado la intervenci\u00f3n de las autoridades estatales.<\/p>\n\n\n\n<p>Incluso, coment\u00f3 que han acudido personalmente a las oficinas centrales de la Secretar\u00eda de Educaci\u00f3n de Veracruz (SEV) para que se d\u00e9 seguimiento a sus demandas.<\/p>\n\n\n\n<p>\u201cPor parte de la escuela ya hay documentos, ya hay oficios y el director ha pedido el recurso a la supervisi\u00f3n. Ya hay antecedentes\u201d, agreg\u00f3.<\/p>\n\n\n\n<p>Adem\u00e1s, refiri\u00f3 que en la SEV les han dicho que s\u00ed ser\u00e1 atendida su petici\u00f3n, pero no les han dado fecha para la asignaci\u00f3n de los docentes.<\/p>\n","protected":false},"excerpt":{"rendered":"<p>Juan Arcos Xalapa, Ver.- Madres y padres de familia de la escuela primaria \u201cSalvador D\u00edaz Mir\u00f3n\u201d, de esta ciudad de Xalapa, recaban firmas para solicitar la asignaci\u00f3n de cuatro docentes. De manera an\u00f3nima, una madre de familia mencion\u00f3 que desde hace dos a\u00f1os carecen de profesores en este plantel, ubicado sobre la calle Salvador D\u00edaz [&hellip;]<\/p>\n","protected":false},"author":1,"featured_media":34205,"comment_status":"open","ping_status":"open","sticky":false,"template":"","format":"standard","meta":{"_jetpack_memberships_contains_paid_content":false,"footnotes":""},"categories":[3],"tags":[],"class_list":["post-34204","post","type-post","status-publish","format-standard","has-post-thumbnail","hentry","category-xalapa"],"jetpack_featured_media_url":"https:\/\/encuentroinformativo.com.mx\/wp-content\/uploads\/2022\/12\/7F9EC111-15BF-48CB-8DFE-69B3FC3E0BD6.jpeg","jetpack_sharing_enabled":true,"jetpack_likes_enabled":true,"amp_enabled":true,"_links":{"self":[{"href":"https:\/\/encuentroinformativo.com.mx\/index.php?rest_route=\/wp\/v2\/posts\/34204","targetHints":{"allow":["GET"]}}],"collection":[{"href":"https:\/\/encuentroinformativo.com.mx\/index.php?rest_route=\/wp\/v2\/posts"}],"about":[{"href":"https:\/\/encuentroinformativo.com.mx\/index.php?rest_route=\/wp\/v2\/types\/post"}],"author":[{"embeddable":true,"href":"https:\/\/encuentroinformativo.com.mx\/index.php?rest_route=\/wp\/v2\/users\/1"}],"replies":[{"embeddable":true,"href":"https:\/\/encuentroinformativo.com.mx\/index.php?rest_route=%2Fwp%2Fv2%2Fcomments&post=34204"}],"version-history":[{"count":1,"href":"https:\/\/encuentroinformativo.com.mx\/index.php?rest_route=\/wp\/v2\/posts\/34204\/revisions"}],"predecessor-version":[{"id":34206,"href":"https:\/\/encuentroinformativo.com.mx\/index.php?rest_route=\/wp\/v2\/posts\/34204\/revisions\/34206"}],"wp:featuredmedia":[{"embeddable":true,"href":"https:\/\/encuentroinformativo.com.mx\/index.php?rest_route=\/wp\/v2\/media\/34205"}],"wp:attachment":[{"href":"https:\/\/encuentroinformativo.com.mx\/index.php?rest_route=%2Fwp%2Fv2%2Fmedia&parent=34204"}],"wp:term":[{"taxonomy":"category","embeddable":true,"href":"https:\/\/encuentroinformativo.com.mx\/index.php?rest_route=%2Fwp%2Fv2%2Fcategories&post=34204"},{"taxonomy":"post_tag","embeddable":true,"href":"https:\/\/encuentroinformativo.com.mx\/index.php?rest_route=%2Fwp%2Fv2%2Ftags&post=34204"}],"curies":[{"name":"wp","href":"https:\/\/api.w.org\/{rel}","templated":true}]}}