{"id":34220,"date":"2022-12-07T16:45:52","date_gmt":"2022-12-07T22:45:52","guid":{"rendered":"https:\/\/encuentroinformativo.com.mx\/?p=34220"},"modified":"2022-12-07T16:45:55","modified_gmt":"2022-12-07T22:45:55","slug":"comision-de-gobernacion-inoperante-diputada","status":"publish","type":"post","link":"https:\/\/encuentroinformativo.com.mx\/?p=34220","title":{"rendered":"Comisi\u00f3n de gobernaci\u00f3n, inoperante: Diputada"},"content":{"rendered":"\n<p><strong>Dar\u00edo Pale <\/strong><\/p>\n\n\n\n<p>Xalapa, Ver.- Las autoridades de Sayula de Alem\u00e1n deben conciliar o de lo contrario se deber\u00e1n buscar otras alternativas para la soluci\u00f3n de los conflictos internos que existen, as\u00ed lo se\u00f1al\u00f3 la presidenta de la Mesa Directiva en el Congreso local, Margarita Corro.<\/p>\n\n\n\n<p>Entrevistada en el Congreso del Estado se\u00f1al\u00f3 que una de las alternativas que podr\u00eda haber en dicho municipio es intervenir la Tesorer\u00eda como en el caso de San Andr\u00e9s Tuxtla.<\/p>\n\n\n\n<p>Adem\u00e1s admiti\u00f3 que debido a la falta de un presidente o presidenta de la Comisi\u00f3n de Gobernaci\u00f3n los asuntos se han ido rezagando de manera importante, por lo que hay &#8220;much\u00edsimos&#8221; municipios que tienen alg\u00fan tipo de conflicto, &#8220;que no se entienden&#8221;.<\/p>\n\n\n\n<p>Tan s\u00f3lo la Comisi\u00f3n de Gobernaci\u00f3n tiene pendientes de llamar a la conciliaci\u00f3n son seis, entre estos Sayula de Alem\u00e1n y \u00c1lamo.<\/p>\n\n\n\n<p>En ese sentido, la legisladora espera que este jueves se pueda sumar a un miembro m\u00e1s a dicha comisi\u00f3n y que quienes ya est\u00e9n, puedan asumir la presidencia o la secretaria de la misma.<\/p>\n\n\n\n<p>Finalmente respecto de la posibilidad de proponer que haya un concejo ciudadano, consider\u00f3 que primero se deben agotar las instancias y luego proponerlo para votarlo, &#8220;no sabr\u00eda decirte en este momento&#8221;.<\/p>\n","protected":false},"excerpt":{"rendered":"<p>Dar\u00edo Pale Xalapa, Ver.- Las autoridades de Sayula de Alem\u00e1n deben conciliar o de lo contrario se deber\u00e1n buscar otras alternativas para la soluci\u00f3n de los conflictos internos que existen, as\u00ed lo se\u00f1al\u00f3 la presidenta de la Mesa Directiva en el Congreso local, Margarita Corro. Entrevistada en el Congreso del Estado se\u00f1al\u00f3 que una de [&hellip;]<\/p>\n","protected":false},"author":1,"featured_media":34221,"comment_status":"open","ping_status":"open","sticky":false,"template":"","format":"standard","meta":{"_jetpack_memberships_contains_paid_content":false,"footnotes":""},"categories":[2],"tags":[],"class_list":["post-34220","post","type-post","status-publish","format-standard","has-post-thumbnail","hentry","category-estado"],"jetpack_featured_media_url":"https:\/\/encuentroinformativo.com.mx\/wp-content\/uploads\/2022\/12\/7D7FD6EC-8706-48D4-A3D1-C158BC0F9EF7.jpeg","jetpack_sharing_enabled":true,"jetpack_likes_enabled":true,"amp_enabled":true,"_links":{"self":[{"href":"https:\/\/encuentroinformativo.com.mx\/index.php?rest_route=\/wp\/v2\/posts\/34220","targetHints":{"allow":["GET"]}}],"collection":[{"href":"https:\/\/encuentroinformativo.com.mx\/index.php?rest_route=\/wp\/v2\/posts"}],"about":[{"href":"https:\/\/encuentroinformativo.com.mx\/index.php?rest_route=\/wp\/v2\/types\/post"}],"author":[{"embeddable":true,"href":"https:\/\/encuentroinformativo.com.mx\/index.php?rest_route=\/wp\/v2\/users\/1"}],"replies":[{"embeddable":true,"href":"https:\/\/encuentroinformativo.com.mx\/index.php?rest_route=%2Fwp%2Fv2%2Fcomments&post=34220"}],"version-history":[{"count":1,"href":"https:\/\/encuentroinformativo.com.mx\/index.php?rest_route=\/wp\/v2\/posts\/34220\/revisions"}],"predecessor-version":[{"id":34222,"href":"https:\/\/encuentroinformativo.com.mx\/index.php?rest_route=\/wp\/v2\/posts\/34220\/revisions\/34222"}],"wp:featuredmedia":[{"embeddable":true,"href":"https:\/\/encuentroinformativo.com.mx\/index.php?rest_route=\/wp\/v2\/media\/34221"}],"wp:attachment":[{"href":"https:\/\/encuentroinformativo.com.mx\/index.php?rest_route=%2Fwp%2Fv2%2Fmedia&parent=34220"}],"wp:term":[{"taxonomy":"category","embeddable":true,"href":"https:\/\/encuentroinformativo.com.mx\/index.php?rest_route=%2Fwp%2Fv2%2Fcategories&post=34220"},{"taxonomy":"post_tag","embeddable":true,"href":"https:\/\/encuentroinformativo.com.mx\/index.php?rest_route=%2Fwp%2Fv2%2Ftags&post=34220"}],"curies":[{"name":"wp","href":"https:\/\/api.w.org\/{rel}","templated":true}]}}