{"id":34223,"date":"2022-12-07T16:50:46","date_gmt":"2022-12-07T22:50:46","guid":{"rendered":"https:\/\/encuentroinformativo.com.mx\/?p=34223"},"modified":"2022-12-07T16:50:50","modified_gmt":"2022-12-07T22:50:50","slug":"por-violencia-politica-denuncia-sindica-al-alcalde-de-tempoal","status":"publish","type":"post","link":"https:\/\/encuentroinformativo.com.mx\/?p=34223","title":{"rendered":"Por violencia pol\u00edtica, denuncia s\u00edndica al alcalde de Tempoal"},"content":{"rendered":"\n<p><strong>Juan Arcos<\/strong><\/p>\n\n\n\n<p>Xalapa, Ver.- La s\u00edndica del ayuntamiento de Tempoal, Yesica Hern\u00e1ndez Santos, denunci\u00f3 haber sido v\u00edctima de violencia pol\u00edtica de g\u00e9nero por parte del alcalde N\u00e9stor Rodolfo Rivera P\u00e9rez.<\/p>\n\n\n\n<p>La funcionaria indic\u00f3 p\u00fablicamente que fue v\u00edctima de violencia f\u00edsica y verbal en horario laboral. Adem\u00e1s, acus\u00f3 tambi\u00e9n a Celestino Rivera, quien es padre del Presidente Municipal y se desempe\u00f1a como asesor de ese ayuntamiento.<\/p>\n\n\n\n<p>La mujer record\u00f3 que el pasado lunes 5 de diciembre, aproximadamente a las 13:00 horas, no le permitieron el acceso al Palacio Municipal, situaci\u00f3n que se constata en un video.<\/p>\n\n\n\n<p>\u201cFui sacada agresivamente del Palacio Municipal de Tempoal, quiero denunciar los actos de violencia pol\u00edtica en raz\u00f3n de g\u00e9nero en contra de mi persona por parte del alcalde N\u00e9stor Rodolfo Rivera y su padre Celestino quien funge como su asesor&#8221;, enfatiz\u00f3.<\/p>\n\n\n\n<p>Hern\u00e1ndez Santos confirm\u00f3 que ya fue presentada una denuncia formal en la Fiscal\u00eda General del Estado (FGE), en contra de la Polic\u00eda Municipal por delitos como omisi\u00f3n de auxilio, privaci\u00f3n de la libertad, retenci\u00f3n ilegal y amenazas.<\/p>\n\n\n\n<p>La funcionaria tambi\u00e9n recurri\u00f3 a la Comisi\u00f3n Estatal de Derechos Humanos (CEDH) y procedi\u00f3 ante el Tribunal Electoral de Veracruz (TEV) por violencia pol\u00edtica en raz\u00f3n de g\u00e9nero.<\/p>\n\n\n\n<p>&#8220;Quiero dejar muy claro que hago responsable al alcalde y su personal de cualquier atentado contra mi seguridad y de mi familia. En Veracruz la violencia contra las mujeres no permanecer\u00e1 impune\u201d, a\u00f1adi\u00f3.<\/p>\n\n\n\n<p>La S\u00edndica consider\u00f3 que los problemas con el Alcalde pudieron haber iniciado, debido a que cuestion\u00f3 la situaci\u00f3n financiera y el ejercicio de los recursos p\u00fablicos por parte del ayuntamiento de Tempoal.<\/p>\n","protected":false},"excerpt":{"rendered":"<p>Juan Arcos Xalapa, Ver.- La s\u00edndica del ayuntamiento de Tempoal, Yesica Hern\u00e1ndez Santos, denunci\u00f3 haber sido v\u00edctima de violencia pol\u00edtica de g\u00e9nero por parte del alcalde N\u00e9stor Rodolfo Rivera P\u00e9rez. La funcionaria indic\u00f3 p\u00fablicamente que fue v\u00edctima de violencia f\u00edsica y verbal en horario laboral. Adem\u00e1s, acus\u00f3 tambi\u00e9n a Celestino Rivera, quien es padre del [&hellip;]<\/p>\n","protected":false},"author":1,"featured_media":34224,"comment_status":"open","ping_status":"open","sticky":false,"template":"","format":"standard","meta":{"_jetpack_memberships_contains_paid_content":false,"footnotes":""},"categories":[2],"tags":[],"class_list":["post-34223","post","type-post","status-publish","format-standard","has-post-thumbnail","hentry","category-estado"],"jetpack_featured_media_url":"https:\/\/encuentroinformativo.com.mx\/wp-content\/uploads\/2022\/12\/7424A86A-B6EE-4463-896C-D581F6CBFE81.jpeg","jetpack_sharing_enabled":true,"jetpack_likes_enabled":true,"amp_enabled":true,"_links":{"self":[{"href":"https:\/\/encuentroinformativo.com.mx\/index.php?rest_route=\/wp\/v2\/posts\/34223","targetHints":{"allow":["GET"]}}],"collection":[{"href":"https:\/\/encuentroinformativo.com.mx\/index.php?rest_route=\/wp\/v2\/posts"}],"about":[{"href":"https:\/\/encuentroinformativo.com.mx\/index.php?rest_route=\/wp\/v2\/types\/post"}],"author":[{"embeddable":true,"href":"https:\/\/encuentroinformativo.com.mx\/index.php?rest_route=\/wp\/v2\/users\/1"}],"replies":[{"embeddable":true,"href":"https:\/\/encuentroinformativo.com.mx\/index.php?rest_route=%2Fwp%2Fv2%2Fcomments&post=34223"}],"version-history":[{"count":1,"href":"https:\/\/encuentroinformativo.com.mx\/index.php?rest_route=\/wp\/v2\/posts\/34223\/revisions"}],"predecessor-version":[{"id":34225,"href":"https:\/\/encuentroinformativo.com.mx\/index.php?rest_route=\/wp\/v2\/posts\/34223\/revisions\/34225"}],"wp:featuredmedia":[{"embeddable":true,"href":"https:\/\/encuentroinformativo.com.mx\/index.php?rest_route=\/wp\/v2\/media\/34224"}],"wp:attachment":[{"href":"https:\/\/encuentroinformativo.com.mx\/index.php?rest_route=%2Fwp%2Fv2%2Fmedia&parent=34223"}],"wp:term":[{"taxonomy":"category","embeddable":true,"href":"https:\/\/encuentroinformativo.com.mx\/index.php?rest_route=%2Fwp%2Fv2%2Fcategories&post=34223"},{"taxonomy":"post_tag","embeddable":true,"href":"https:\/\/encuentroinformativo.com.mx\/index.php?rest_route=%2Fwp%2Fv2%2Ftags&post=34223"}],"curies":[{"name":"wp","href":"https:\/\/api.w.org\/{rel}","templated":true}]}}