{"id":3424,"date":"2020-06-17T12:51:19","date_gmt":"2020-06-17T17:51:19","guid":{"rendered":"https:\/\/encuentroinformativo.com\/?p=3424"},"modified":"2020-06-17T12:51:21","modified_gmt":"2020-06-17T17:51:21","slug":"llama-pan-a-conformar-alianzas","status":"publish","type":"post","link":"https:\/\/encuentroinformativo.com.mx\/?p=3424","title":{"rendered":"Llama PAN a conformar alianzas"},"content":{"rendered":"\n<p><strong>Juan Arcos <\/strong><\/p>\n\n\n\n<p>Xalapa, Ver.- El Partido Acci\u00f3n Nacional (PAN) propuso al Partido de la Revoluci\u00f3n Democr\u00e1tica (PRD) y Movimiento Ciudadano (MC) formar alianzas en algunos estados de la Rep\u00fablica para la elecci\u00f3n del pr\u00f3ximo a\u00f1o.<\/p>\n\n\n\n<p>As\u00ed lo dio a conocer el dirigente nacional del PAN, Marko Cort\u00e9s Mendoza, quien a\u00f1adi\u00f3 que dichos partidos podr\u00edan coincidir en los estados donde tengan fuerza y representatividad para ser complementarios en una coalici\u00f3n de distritos \u201cm\u00ednima\u201d.<\/p>\n\n\n\n<p>Record\u00f3 que la ley establece que para una alianza electoral se ocupan al menos 75 de los 300 distritos federales.<\/p>\n\n\n\n<p>\u201cNosotros hemos planteado ir a esos, a una alianza de m\u00ednimos, donde seamos determinantes y complementarios, y esto va a ser absolutamente casu\u00edstico, en donde haya esas condiciones, en donde tengamos a los perfiles adecuados, con total apertura de coincidir\u201d.<\/p>\n\n\n\n<p>El l\u00edder nacional indic\u00f3 que el PAN tiene la necesidad de sumar esfuerzos entre todos aquellos que ven con preocupaci\u00f3n la complicada situaci\u00f3n en el pa\u00eds, sobre todo en materia econ\u00f3mica, de seguridad y de salud.<\/p>\n\n\n\n<p>En ese sentido, refiri\u00f3 que se requiere reconducir la pol\u00edtica econ\u00f3mica desde la C\u00e1mara de Diputados Federales, para asignar recursos a los estados y municipios para infraestructura y prevenci\u00f3n del delito.<\/p>\n\n\n\n<p>\u201cRestablecer ciertos programas y fondos que son absolutamente necesarios, apoyar a todo el sector salud, que hoy se ha visto tan debilitado, ante toda la pol\u00edtica del gobierno de L\u00f3pez Obrador\u201d.<\/p>\n\n\n\n<p>Por tal motivo, refiri\u00f3 que se requiere e construir una nueva mayor\u00eda opositora y ganar el mayor n\u00famero de diputaciones federales.<\/p>\n\n\n\n<p>Cort\u00e9s Mendoza detall\u00f3 que ser\u00e1 realizado un an\u00e1lisis, distrito por distrito, para determinar d\u00f3nde es conveniente la alianza y en qu\u00e9 lugares el PAN podr\u00eda podr\u00eda ir solo.<\/p>\n\n\n\n<p>En el estado de Veracruz, el Comit\u00e9 Directivo Estatal (CDE) del PAN a\u00fan no analiza la posibilidad de que haya alianzas con otros partidos pol\u00edticos para la elecci\u00f3n de 2021.<\/p>\n\n\n\n<p><\/p>\n","protected":false},"excerpt":{"rendered":"<p>Juan Arcos Xalapa, Ver.- El Partido Acci\u00f3n Nacional (PAN) propuso al Partido de la Revoluci\u00f3n Democr\u00e1tica (PRD) y Movimiento Ciudadano (MC) formar alianzas en algunos estados de la Rep\u00fablica para la elecci\u00f3n del pr\u00f3ximo a\u00f1o. As\u00ed lo dio a conocer el dirigente nacional del PAN, Marko Cort\u00e9s Mendoza, quien a\u00f1adi\u00f3 que dichos partidos podr\u00edan coincidir [&hellip;]<\/p>\n","protected":false},"author":1,"featured_media":3425,"comment_status":"open","ping_status":"open","sticky":false,"template":"","format":"standard","meta":{"_jetpack_memberships_contains_paid_content":false,"footnotes":""},"categories":[2],"tags":[],"class_list":["post-3424","post","type-post","status-publish","format-standard","has-post-thumbnail","hentry","category-estado"],"jetpack_featured_media_url":"https:\/\/encuentroinformativo.com.mx\/wp-content\/uploads\/2020\/06\/7428EF27-6FF5-4656-B868-2672133DF600.jpeg","jetpack_sharing_enabled":true,"jetpack_likes_enabled":true,"amp_enabled":true,"_links":{"self":[{"href":"https:\/\/encuentroinformativo.com.mx\/index.php?rest_route=\/wp\/v2\/posts\/3424","targetHints":{"allow":["GET"]}}],"collection":[{"href":"https:\/\/encuentroinformativo.com.mx\/index.php?rest_route=\/wp\/v2\/posts"}],"about":[{"href":"https:\/\/encuentroinformativo.com.mx\/index.php?rest_route=\/wp\/v2\/types\/post"}],"author":[{"embeddable":true,"href":"https:\/\/encuentroinformativo.com.mx\/index.php?rest_route=\/wp\/v2\/users\/1"}],"replies":[{"embeddable":true,"href":"https:\/\/encuentroinformativo.com.mx\/index.php?rest_route=%2Fwp%2Fv2%2Fcomments&post=3424"}],"version-history":[{"count":1,"href":"https:\/\/encuentroinformativo.com.mx\/index.php?rest_route=\/wp\/v2\/posts\/3424\/revisions"}],"predecessor-version":[{"id":3426,"href":"https:\/\/encuentroinformativo.com.mx\/index.php?rest_route=\/wp\/v2\/posts\/3424\/revisions\/3426"}],"wp:featuredmedia":[{"embeddable":true,"href":"https:\/\/encuentroinformativo.com.mx\/index.php?rest_route=\/wp\/v2\/media\/3425"}],"wp:attachment":[{"href":"https:\/\/encuentroinformativo.com.mx\/index.php?rest_route=%2Fwp%2Fv2%2Fmedia&parent=3424"}],"wp:term":[{"taxonomy":"category","embeddable":true,"href":"https:\/\/encuentroinformativo.com.mx\/index.php?rest_route=%2Fwp%2Fv2%2Fcategories&post=3424"},{"taxonomy":"post_tag","embeddable":true,"href":"https:\/\/encuentroinformativo.com.mx\/index.php?rest_route=%2Fwp%2Fv2%2Ftags&post=3424"}],"curies":[{"name":"wp","href":"https:\/\/api.w.org\/{rel}","templated":true}]}}